{"id":19004,"date":"2023-01-30T16:30:41","date_gmt":"2023-01-30T19:30:41","guid":{"rendered":"https:\/\/www.revistarescatados.com.ar\/web\/?p=19004"},"modified":"2023-01-30T16:30:47","modified_gmt":"2023-01-30T19:30:47","slug":"este-miercoles-1o-de-febrero-iniciara-el-cronograma-de-pago-de-haberes-a-estatales-santafesinos","status":"publish","type":"post","link":"https:\/\/www.revistarescatados.com.ar\/web\/2023\/01\/30\/este-miercoles-1o-de-febrero-iniciara-el-cronograma-de-pago-de-haberes-a-estatales-santafesinos\/","title":{"rendered":"Este mi\u00e9rcoles 1\u00ba de febrero iniciar\u00e1 el cronograma de pago de haberes a estatales santafesinos"},"content":{"rendered":"\n<p><\/p>\n\n\n\n<p><strong><mark style=\"background-color:rgba(0, 0, 0, 0)\" class=\"has-inline-color has-vivid-red-color\">Incluir\u00e1 el aumento del 5 % acordado en el \u00e1mbito paritario con los diferentes gremios, que tambi\u00e9n ser\u00e1 percibido por el sector pasivo.<\/mark><\/strong><\/p>\n\n\n\n<figure class=\"wp-block-image size-large\"><img loading=\"lazy\" width=\"1024\" height=\"576\" src=\"http:\/\/www.revistarescatados.com.ar\/web\/wp-content\/uploads\/2018\/04\/cajero-1024x576.jpg\" alt=\"\" class=\"wp-image-103\" srcset=\"https:\/\/www.revistarescatados.com.ar\/web\/wp-content\/uploads\/2018\/04\/cajero-1024x576.jpg 1024w, https:\/\/www.revistarescatados.com.ar\/web\/wp-content\/uploads\/2018\/04\/cajero-300x169.jpg 300w, https:\/\/www.revistarescatados.com.ar\/web\/wp-content\/uploads\/2018\/04\/cajero-768x432.jpg 768w, https:\/\/www.revistarescatados.com.ar\/web\/wp-content\/uploads\/2018\/04\/cajero.jpg 1920w\" sizes=\"(max-width: 1024px) 100vw, 1024px\" \/><\/figure>\n\n\n\n<p>El Ministerio de Econom\u00eda de la provincia difundi\u00f3 el cronograma de pago de sueldos y jubilaciones correspondiente a enero de 2023, que comenzar\u00e1 a abonarse el mi\u00e9rcoles 1 de febrero.<br>Asimismo, la cartera inform\u00f3 que los haberes incluir\u00e1n el aumento del 5% acordado en el \u00e1mbito paritario con los diferentes gremios de la administraci\u00f3n p\u00fablica provincial, incremento que tambi\u00e9n alcanza al sector pasivo.<\/p>\n\n\n\n<p>Mi\u00e9rcoles 1 de febrero<\/p>\n\n\n\n<blockquote class=\"wp-block-quote\"><p>Pasivos a los que les corresponde percibir un monto de bolsillo de hasta 170.000 pesos<\/p><p>Escalaf\u00f3n policial<\/p><\/blockquote>\n\n\n\n<p>Jueves 2 de febrero<\/p>\n\n\n\n<blockquote class=\"wp-block-quote\"><p>Activos a los que les corresponde percibir un monto de bolsillo de hasta 162.000 pesos<\/p><p>Docentes de Escuelas Privadas Transferidas 1o y 2o Convenio<\/p><\/blockquote>\n\n\n\n<p>Viernes 3 de febrero<\/p>\n\n\n\n<blockquote class=\"wp-block-quote\"><p>Resto de Activos a los que les corresponde percibir un monto de bolsillo superior a 162.000 pesos<\/p><p>Docentes de Escuelas Privadas Hist\u00f3ricas<\/p><\/blockquote>\n\n\n\n<p>Lunes 6 de febrero<\/p>\n\n\n\n<blockquote class=\"wp-block-quote\"><p>Resto de Pasivos a los que les corresponde percibir un monto de bolsillo superior a 170.000 pesos<\/p><\/blockquote>\n\n\n\n<p>Martes 7 de febrero<\/p>\n\n\n\n<p>Autoridades Superiores Poder Judicial, Poder Legislativo y Poder Ejecutivo<\/p>\n\n\n\n<p>Desde la cartera econ\u00f3mica se destac\u00f3 que los incrementos salariales en 2022 ascendieron a 97 %, superando la inflaci\u00f3n de 92,6 % (IPEC).<\/p>\n\n\n\n<p>Asimismo, se inform\u00f3 que los haberes de enero que se percibir\u00e1n la semana pr\u00f3xima incluyen el aumento del 5 % acordado en el \u00e1mbito paritario con los diferentes gremios y tambi\u00e9n ser\u00e1n percibidos en simult\u00e1neo por el sector pasivo.<\/p>\n","protected":false},"excerpt":{"rendered":"<p>Incluir\u00e1 el aumento del 5 % acordado en el \u00e1mbito paritario con los diferentes gremios, que tambi\u00e9n ser\u00e1 percibido por el sector pasivo. El Ministerio de Econom\u00eda de la provincia difundi\u00f3 el&#46;&#46;&#46;<\/p>\n","protected":false},"author":1,"featured_media":16890,"comment_status":"closed","ping_status":"closed","sticky":false,"template":"","format":"standard","meta":[],"categories":[16,12,8],"tags":[],"_links":{"self":[{"href":"https:\/\/www.revistarescatados.com.ar\/web\/wp-json\/wp\/v2\/posts\/19004"}],"collection":[{"href":"https:\/\/www.revistarescatados.com.ar\/web\/wp-json\/wp\/v2\/posts"}],"about":[{"href":"https:\/\/www.revistarescatados.com.ar\/web\/wp-json\/wp\/v2\/types\/post"}],"author":[{"embeddable":true,"href":"https:\/\/www.revistarescatados.com.ar\/web\/wp-json\/wp\/v2\/users\/1"}],"replies":[{"embeddable":true,"href":"https:\/\/www.revistarescatados.com.ar\/web\/wp-json\/wp\/v2\/comments?post=19004"}],"version-history":[{"count":1,"href":"https:\/\/www.revistarescatados.com.ar\/web\/wp-json\/wp\/v2\/posts\/19004\/revisions"}],"predecessor-version":[{"id":19005,"href":"https:\/\/www.revistarescatados.com.ar\/web\/wp-json\/wp\/v2\/posts\/19004\/revisions\/19005"}],"wp:featuredmedia":[{"embeddable":true,"href":"https:\/\/www.revistarescatados.com.ar\/web\/wp-json\/wp\/v2\/media\/16890"}],"wp:attachment":[{"href":"https:\/\/www.revistarescatados.com.ar\/web\/wp-json\/wp\/v2\/media?parent=19004"}],"wp:term":[{"taxonomy":"category","embeddable":true,"href":"https:\/\/www.revistarescatados.com.ar\/web\/wp-json\/wp\/v2\/categories?post=19004"},{"taxonomy":"post_tag","embeddable":true,"href":"https:\/\/www.revistarescatados.com.ar\/web\/wp-json\/wp\/v2\/tags?post=19004"}],"curies":[{"name":"wp","href":"https:\/\/api.w.org\/{rel}","templated":true}]}}