{"id":19088,"date":"2023-02-11T01:45:20","date_gmt":"2023-02-11T04:45:20","guid":{"rendered":"https:\/\/www.revistarescatados.com.ar\/web\/?p=19088"},"modified":"2023-02-11T01:54:27","modified_gmt":"2023-02-11T04:54:27","slug":"camionero-de-calchaqui-involucrado-en-un-siniestro-vial-en-reconquista","status":"publish","type":"post","link":"https:\/\/www.revistarescatados.com.ar\/web\/2023\/02\/11\/camionero-de-calchaqui-involucrado-en-un-siniestro-vial-en-reconquista\/","title":{"rendered":"Camionero de Calchaqu\u00ed involucrado en un siniestro vial en Reconquista"},"content":{"rendered":"\n<p><br><strong><mark style=\"background-color:rgba(0, 0, 0, 0)\" class=\"has-inline-color has-vivid-red-color\">Ocurri\u00f3 en la noche del viernes, frente al Hospital Central. La moto fue arrollada por el acoplado aunque el motociclista sufri\u00f3 heridas menores y quedo en observaci\u00f3n m\u00e9dica en el efector. Se realiz\u00f3 un control de alcoholemia al camionero que result\u00f3 negativo. <\/mark><\/strong><\/p>\n\n\n\n<figure class=\"wp-block-image size-large\"><img loading=\"lazy\" width=\"1024\" height=\"768\" src=\"https:\/\/www.revistarescatados.com.ar\/web\/wp-content\/uploads\/2023\/02\/camion-1024x768.jpg\" alt=\"\" class=\"wp-image-19089\" srcset=\"https:\/\/www.revistarescatados.com.ar\/web\/wp-content\/uploads\/2023\/02\/camion-1024x768.jpg 1024w, https:\/\/www.revistarescatados.com.ar\/web\/wp-content\/uploads\/2023\/02\/camion-300x225.jpg 300w, https:\/\/www.revistarescatados.com.ar\/web\/wp-content\/uploads\/2023\/02\/camion-768x576.jpg 768w, https:\/\/www.revistarescatados.com.ar\/web\/wp-content\/uploads\/2023\/02\/camion-1536x1152.jpg 1536w, https:\/\/www.revistarescatados.com.ar\/web\/wp-content\/uploads\/2023\/02\/camion.jpg 1600w\" sizes=\"(max-width: 1024px) 100vw, 1024px\" \/><\/figure>\n\n\n\n<p>Este viernes 10 de febrero a las 20:15 horas, personal policial fue comisionado por Central de Emergencias 911 a RN 11 a la altura del Hospital de Reconquista donde  aparentemente se habr\u00eda un accidente de tr\u00e1nsito. <\/p>\n\n\n\n<p>Por causas que se tratan de establecer entraron en colisi\u00f3n cami\u00f3n Mercedes Benz , con acoplado patente AD 190 QH conducido por <strong>Ricardo Roberto Ayala<\/strong>, de 37 a\u00f1os domiciliado en la calle Urquiza al 300 de la ciudad de Calchaqu\u00ed, colisiona contra una motocicleta KAWASAKI 150 cc dominio 225 DXI conducida por <strong>Mauricio Javier Romero<\/strong> de 40 a\u00f1os domiciliado en  BARRIO PUCARA AGRUPADA 2 DEPARTAMENTO 4 PLANTA BAJA . <\/p>\n\n\n\n<figure class=\"wp-block-image size-large\"><img loading=\"lazy\" width=\"1024\" height=\"768\" src=\"https:\/\/www.revistarescatados.com.ar\/web\/wp-content\/uploads\/2023\/02\/camion-moto-1024x768.jpg\" alt=\"\" class=\"wp-image-19090\" srcset=\"https:\/\/www.revistarescatados.com.ar\/web\/wp-content\/uploads\/2023\/02\/camion-moto-1024x768.jpg 1024w, https:\/\/www.revistarescatados.com.ar\/web\/wp-content\/uploads\/2023\/02\/camion-moto-300x225.jpg 300w, https:\/\/www.revistarescatados.com.ar\/web\/wp-content\/uploads\/2023\/02\/camion-moto-768x576.jpg 768w, https:\/\/www.revistarescatados.com.ar\/web\/wp-content\/uploads\/2023\/02\/camion-moto-1536x1152.jpg 1536w, https:\/\/www.revistarescatados.com.ar\/web\/wp-content\/uploads\/2023\/02\/camion-moto.jpg 1600w\" sizes=\"(max-width: 1024px) 100vw, 1024px\" \/><\/figure>\n\n\n\n<p>Como consecuencia del siniestro, el  motociclista fue trasladado al nosocomio. Al parecer, solo sufri\u00f3 lesiones en su dedo y p\u00f3mulo; aunque la moto quedo atrapada debajo de las ruedas del acoplado de gran porte.<\/p>\n\n\n\n<p>En el lugar se hizo presente personal se tr\u00e1nsito municipal quienes realizaron control de alcoholemia la cual tuvo resultado negativo en el chofer del cami\u00f3n. El resultado del an\u00e1lisis fue 0,00 g\/. <\/p>\n\n\n\n<p>En tanto la motocicleta KAWASAKI fue trasladada a dependencia. Se dan conocimiento al fiscal en turno Dr D\u00edaz .<\/p>\n","protected":false},"excerpt":{"rendered":"<p>Ocurri\u00f3 en la noche del viernes, frente al Hospital Central. La moto fue arrollada por el acoplado aunque el motociclista sufri\u00f3 heridas menores y quedo en observaci\u00f3n m\u00e9dica en el efector. Se&#46;&#46;&#46;<\/p>\n","protected":false},"author":1,"featured_media":19090,"comment_status":"closed","ping_status":"closed","sticky":false,"template":"","format":"standard","meta":[],"categories":[2,6,16,11],"tags":[],"_links":{"self":[{"href":"https:\/\/www.revistarescatados.com.ar\/web\/wp-json\/wp\/v2\/posts\/19088"}],"collection":[{"href":"https:\/\/www.revistarescatados.com.ar\/web\/wp-json\/wp\/v2\/posts"}],"about":[{"href":"https:\/\/www.revistarescatados.com.ar\/web\/wp-json\/wp\/v2\/types\/post"}],"author":[{"embeddable":true,"href":"https:\/\/www.revistarescatados.com.ar\/web\/wp-json\/wp\/v2\/users\/1"}],"replies":[{"embeddable":true,"href":"https:\/\/www.revistarescatados.com.ar\/web\/wp-json\/wp\/v2\/comments?post=19088"}],"version-history":[{"count":2,"href":"https:\/\/www.revistarescatados.com.ar\/web\/wp-json\/wp\/v2\/posts\/19088\/revisions"}],"predecessor-version":[{"id":19092,"href":"https:\/\/www.revistarescatados.com.ar\/web\/wp-json\/wp\/v2\/posts\/19088\/revisions\/19092"}],"wp:featuredmedia":[{"embeddable":true,"href":"https:\/\/www.revistarescatados.com.ar\/web\/wp-json\/wp\/v2\/media\/19090"}],"wp:attachment":[{"href":"https:\/\/www.revistarescatados.com.ar\/web\/wp-json\/wp\/v2\/media?parent=19088"}],"wp:term":[{"taxonomy":"category","embeddable":true,"href":"https:\/\/www.revistarescatados.com.ar\/web\/wp-json\/wp\/v2\/categories?post=19088"},{"taxonomy":"post_tag","embeddable":true,"href":"https:\/\/www.revistarescatados.com.ar\/web\/wp-json\/wp\/v2\/tags?post=19088"}],"curies":[{"name":"wp","href":"https:\/\/api.w.org\/{rel}","templated":true}]}}