{"id":19121,"date":"2023-02-20T00:50:47","date_gmt":"2023-02-20T03:50:47","guid":{"rendered":"https:\/\/www.revistarescatados.com.ar\/web\/?p=19121"},"modified":"2023-02-20T00:50:52","modified_gmt":"2023-02-20T03:50:52","slug":"sosa-participa-de-acuerdos-para-la-construccion-de-mas-viviendas-en-vera","status":"publish","type":"post","link":"https:\/\/www.revistarescatados.com.ar\/web\/2023\/02\/20\/sosa-participa-de-acuerdos-para-la-construccion-de-mas-viviendas-en-vera\/","title":{"rendered":"Sosa participa de acuerdos para la construcci\u00f3n de m\u00e1s viviendas en Vera"},"content":{"rendered":"\n<p><strong><mark style=\"background-color:rgba(0, 0, 0, 0)\" class=\"has-inline-color has-vivid-red-color\">El senador provincial Osvaldo Sosa, junto a la intendente local, particip\u00f3 del convenio para finalizar 5 viviendas en lotes propios y recorri\u00f3 la ejecuci\u00f3n de un plan de otras 20 viviendas para docentes de la ciudad.<\/mark><\/strong><\/p>\n\n\n\n<figure class=\"wp-block-image size-large\"><img loading=\"lazy\" width=\"1024\" height=\"1024\" src=\"https:\/\/www.revistarescatados.com.ar\/web\/wp-content\/uploads\/2023\/02\/viviendas-en-Vera-1024x1024.jpg\" alt=\"\" class=\"wp-image-19122\" srcset=\"https:\/\/www.revistarescatados.com.ar\/web\/wp-content\/uploads\/2023\/02\/viviendas-en-Vera-1024x1024.jpg 1024w, https:\/\/www.revistarescatados.com.ar\/web\/wp-content\/uploads\/2023\/02\/viviendas-en-Vera-300x300.jpg 300w, https:\/\/www.revistarescatados.com.ar\/web\/wp-content\/uploads\/2023\/02\/viviendas-en-Vera-150x150.jpg 150w, https:\/\/www.revistarescatados.com.ar\/web\/wp-content\/uploads\/2023\/02\/viviendas-en-Vera-768x768.jpg 768w, https:\/\/www.revistarescatados.com.ar\/web\/wp-content\/uploads\/2023\/02\/viviendas-en-Vera-80x80.jpg 80w, https:\/\/www.revistarescatados.com.ar\/web\/wp-content\/uploads\/2023\/02\/viviendas-en-Vera-320x320.jpg 320w, https:\/\/www.revistarescatados.com.ar\/web\/wp-content\/uploads\/2023\/02\/viviendas-en-Vera.jpg 1200w\" sizes=\"(max-width: 1024px) 100vw, 1024px\" \/><\/figure>\n\n\n\n<p><br>Junto a la Intendenta Paula Mitre, el senador Sosa acompa\u00f1\u00f3 al Director Provincial de Viviendas y Urbanismo, Edgardo Ragalli, en el recorrido y firma del acuerdo para culminar 5 viviendas correspondientes a lotes propios.<br><\/p>\n\n\n\n<p>Adem\u00e1s recorrieron la ejecuci\u00f3n de la obra que contempla 20 viviendas para la ciudad de Vera, por un monto superior a los 53 millones de pesos destinados a docentes de la ciudad. <\/p>\n\n\n\n<p><br>Adem\u00e1s tambi\u00e9n visitaron otro plan de vivienda destinadas a construirse en lotes propios, reduciendo as\u00ed, paliativamente el d\u00e9ficit habitacional de la ciudad.<\/p>\n\n\n\n<p><br>&#8220;Provincia y naci\u00f3n invierten en diferentes obras en nuestra ciudad y esas decisiones pol\u00edticas repercuten de manera directa en nuestras econom\u00edas regionales y a su vez mejoran notablemente la calidad de vida de nuestros ciudadanos&#8221;, se\u00f1al\u00f3 el senador Osvaldo Sosa.<\/p>\n","protected":false},"excerpt":{"rendered":"<p>El senador provincial Osvaldo Sosa, junto a la intendente local, particip\u00f3 del convenio para finalizar 5 viviendas en lotes propios y recorri\u00f3 la ejecuci\u00f3n de un plan de otras 20 viviendas para&#46;&#46;&#46;<\/p>\n","protected":false},"author":1,"featured_media":19122,"comment_status":"closed","ping_status":"closed","sticky":false,"template":"","format":"standard","meta":[],"categories":[3,16,10,13],"tags":[],"_links":{"self":[{"href":"https:\/\/www.revistarescatados.com.ar\/web\/wp-json\/wp\/v2\/posts\/19121"}],"collection":[{"href":"https:\/\/www.revistarescatados.com.ar\/web\/wp-json\/wp\/v2\/posts"}],"about":[{"href":"https:\/\/www.revistarescatados.com.ar\/web\/wp-json\/wp\/v2\/types\/post"}],"author":[{"embeddable":true,"href":"https:\/\/www.revistarescatados.com.ar\/web\/wp-json\/wp\/v2\/users\/1"}],"replies":[{"embeddable":true,"href":"https:\/\/www.revistarescatados.com.ar\/web\/wp-json\/wp\/v2\/comments?post=19121"}],"version-history":[{"count":1,"href":"https:\/\/www.revistarescatados.com.ar\/web\/wp-json\/wp\/v2\/posts\/19121\/revisions"}],"predecessor-version":[{"id":19123,"href":"https:\/\/www.revistarescatados.com.ar\/web\/wp-json\/wp\/v2\/posts\/19121\/revisions\/19123"}],"wp:featuredmedia":[{"embeddable":true,"href":"https:\/\/www.revistarescatados.com.ar\/web\/wp-json\/wp\/v2\/media\/19122"}],"wp:attachment":[{"href":"https:\/\/www.revistarescatados.com.ar\/web\/wp-json\/wp\/v2\/media?parent=19121"}],"wp:term":[{"taxonomy":"category","embeddable":true,"href":"https:\/\/www.revistarescatados.com.ar\/web\/wp-json\/wp\/v2\/categories?post=19121"},{"taxonomy":"post_tag","embeddable":true,"href":"https:\/\/www.revistarescatados.com.ar\/web\/wp-json\/wp\/v2\/tags?post=19121"}],"curies":[{"name":"wp","href":"https:\/\/api.w.org\/{rel}","templated":true}]}}