{"id":19127,"date":"2023-02-21T23:39:41","date_gmt":"2023-02-22T02:39:41","guid":{"rendered":"https:\/\/www.revistarescatados.com.ar\/web\/?p=19127"},"modified":"2023-02-21T23:39:48","modified_gmt":"2023-02-22T02:39:48","slug":"en-calchaqui-recuperan-una-moto-hurtada-por-menores-y-un-celular","status":"publish","type":"post","link":"https:\/\/www.revistarescatados.com.ar\/web\/2023\/02\/21\/en-calchaqui-recuperan-una-moto-hurtada-por-menores-y-un-celular\/","title":{"rendered":"En Calchaqu\u00ed recuperan una moto hurtada por menores y un celular"},"content":{"rendered":"\n<p><br><strong><mark style=\"background-color:rgba(0, 0, 0, 0)\" class=\"has-inline-color has-vivid-red-color\">Dos menores de 13 y 14 a\u00f1os quedaron involucrado en la sustracci\u00f3n de una moto 110 cc, mientras que a un mayor de edad se le secuestr\u00f3 un tel\u00e9fono celular robado a un joven de 18 a\u00f1os.<\/mark><\/strong><\/p>\n\n\n\n<figure class=\"wp-block-image size-large\"><img loading=\"lazy\" width=\"1024\" height=\"768\" src=\"https:\/\/www.revistarescatados.com.ar\/web\/wp-content\/uploads\/2023\/02\/MOTO-RECUPERADA-POR-PERSONAL-POLICIAL-DE-LA-CRIA-2a-DE-CALCHAQUI-1024x768.jpg\" alt=\"\" class=\"wp-image-19128\" srcset=\"https:\/\/www.revistarescatados.com.ar\/web\/wp-content\/uploads\/2023\/02\/MOTO-RECUPERADA-POR-PERSONAL-POLICIAL-DE-LA-CRIA-2a-DE-CALCHAQUI-1024x768.jpg 1024w, https:\/\/www.revistarescatados.com.ar\/web\/wp-content\/uploads\/2023\/02\/MOTO-RECUPERADA-POR-PERSONAL-POLICIAL-DE-LA-CRIA-2a-DE-CALCHAQUI-300x225.jpg 300w, https:\/\/www.revistarescatados.com.ar\/web\/wp-content\/uploads\/2023\/02\/MOTO-RECUPERADA-POR-PERSONAL-POLICIAL-DE-LA-CRIA-2a-DE-CALCHAQUI-768x576.jpg 768w, https:\/\/www.revistarescatados.com.ar\/web\/wp-content\/uploads\/2023\/02\/MOTO-RECUPERADA-POR-PERSONAL-POLICIAL-DE-LA-CRIA-2a-DE-CALCHAQUI.jpg 1156w\" sizes=\"(max-width: 1024px) 100vw, 1024px\" \/><\/figure>\n\n\n\n<p>Personal policial de la Comisaria 2 da de Calchaqu\u00ed de tareas investigativas relacionada la denuncia radicada en el s\u00e1bado 18 de febrero por un hombre de 46 a\u00f1os de edad, domiciliado en ese medio quien diera cuenta que autor\/es ignorados sustrajeron su moto marca ZANELLA 110 CC.<\/p>\n\n\n\n<p>La polic\u00eda local establece que no seria ajeno al il\u00edcito dos menores de 13 y 14 a\u00f1os de edad, domiciliados en la localidad. Mediante una requisa domiciliaria autorizada, personal actuante procedi\u00f3 al secuestro preventivo de la moto denunciada como sustra\u00edda.<\/p>\n\n\n\n<p> En relaci\u00f3n a los menores, se libro cedula de citaci\u00f3n para que comparezcan ante esta dependencia con el acompa\u00f1amiento de su progenitora\/a. <\/p>\n\n\n\n<figure class=\"wp-block-image size-full\"><img loading=\"lazy\" width=\"709\" height=\"633\" src=\"https:\/\/www.revistarescatados.com.ar\/web\/wp-content\/uploads\/2023\/02\/celular.jpg\" alt=\"\" class=\"wp-image-19129\" srcset=\"https:\/\/www.revistarescatados.com.ar\/web\/wp-content\/uploads\/2023\/02\/celular.jpg 709w, https:\/\/www.revistarescatados.com.ar\/web\/wp-content\/uploads\/2023\/02\/celular-300x268.jpg 300w\" sizes=\"(max-width: 709px) 100vw, 709px\" \/><\/figure>\n\n\n\n<p><br>En tanto, el viernes 17 de febrero del a\u00f1o en curso, personal policial toma conocimiento a ra\u00edz de la denuncia radicada por un joven de 18 a\u00f1os de edad quien diera cuenta que le sustrajeron un tel\u00e9fono celular de su propiedad; siendo este marca SAMSUNG A32, aportando caracter\u00edsticas del mismo.<\/p>\n\n\n\n<p> Personal actuante de diligencias investigativas recuperan el tel\u00e9fono celular denunciado como sustra\u00eddo en poder de un masculino, mayor de edad domiciliado en este medio. Se prosiguen diligencias. Interviene UFI Nro4 de Vera. <\/p>\n","protected":false},"excerpt":{"rendered":"<p>Dos menores de 13 y 14 a\u00f1os quedaron involucrado en la sustracci\u00f3n de una moto 110 cc, mientras que a un mayor de edad se le secuestr\u00f3 un tel\u00e9fono celular robado a&#46;&#46;&#46;<\/p>\n","protected":false},"author":1,"featured_media":19128,"comment_status":"closed","ping_status":"closed","sticky":false,"template":"","format":"standard","meta":[],"categories":[2,3,16,11],"tags":[],"_links":{"self":[{"href":"https:\/\/www.revistarescatados.com.ar\/web\/wp-json\/wp\/v2\/posts\/19127"}],"collection":[{"href":"https:\/\/www.revistarescatados.com.ar\/web\/wp-json\/wp\/v2\/posts"}],"about":[{"href":"https:\/\/www.revistarescatados.com.ar\/web\/wp-json\/wp\/v2\/types\/post"}],"author":[{"embeddable":true,"href":"https:\/\/www.revistarescatados.com.ar\/web\/wp-json\/wp\/v2\/users\/1"}],"replies":[{"embeddable":true,"href":"https:\/\/www.revistarescatados.com.ar\/web\/wp-json\/wp\/v2\/comments?post=19127"}],"version-history":[{"count":1,"href":"https:\/\/www.revistarescatados.com.ar\/web\/wp-json\/wp\/v2\/posts\/19127\/revisions"}],"predecessor-version":[{"id":19130,"href":"https:\/\/www.revistarescatados.com.ar\/web\/wp-json\/wp\/v2\/posts\/19127\/revisions\/19130"}],"wp:featuredmedia":[{"embeddable":true,"href":"https:\/\/www.revistarescatados.com.ar\/web\/wp-json\/wp\/v2\/media\/19128"}],"wp:attachment":[{"href":"https:\/\/www.revistarescatados.com.ar\/web\/wp-json\/wp\/v2\/media?parent=19127"}],"wp:term":[{"taxonomy":"category","embeddable":true,"href":"https:\/\/www.revistarescatados.com.ar\/web\/wp-json\/wp\/v2\/categories?post=19127"},{"taxonomy":"post_tag","embeddable":true,"href":"https:\/\/www.revistarescatados.com.ar\/web\/wp-json\/wp\/v2\/tags?post=19127"}],"curies":[{"name":"wp","href":"https:\/\/api.w.org\/{rel}","templated":true}]}}