{"id":19131,"date":"2023-02-21T23:44:36","date_gmt":"2023-02-22T02:44:36","guid":{"rendered":"https:\/\/www.revistarescatados.com.ar\/web\/?p=19131"},"modified":"2023-02-21T23:44:39","modified_gmt":"2023-02-22T02:44:39","slug":"una-motociclista-fallecio-en-un-choque-frontal-con-un-camion-cisterna-cerca-de-la-criolla","status":"publish","type":"post","link":"https:\/\/www.revistarescatados.com.ar\/web\/2023\/02\/21\/una-motociclista-fallecio-en-un-choque-frontal-con-un-camion-cisterna-cerca-de-la-criolla\/","title":{"rendered":"Una motociclista falleci\u00f3 en un choque frontal con un cami\u00f3n cisterna cerca de La Criolla"},"content":{"rendered":"\n<p><strong><mark style=\"background-color:rgba(0, 0, 0, 0)\" class=\"has-inline-color has-vivid-red-color\">En el mediod\u00eda del martes, una mujer de 44 a\u00f1os domiciliada en Gobernador Crespo perdi\u00f3 la vida sobre la ruta nacional N\u00ba 11.<\/mark><\/strong><\/p>\n\n\n\n<figure class=\"wp-block-image size-full\"><img loading=\"lazy\" width=\"960\" height=\"959\" src=\"https:\/\/www.revistarescatados.com.ar\/web\/wp-content\/uploads\/2023\/02\/siniestro-vial.jpg\" alt=\"\" class=\"wp-image-19132\" srcset=\"https:\/\/www.revistarescatados.com.ar\/web\/wp-content\/uploads\/2023\/02\/siniestro-vial.jpg 960w, https:\/\/www.revistarescatados.com.ar\/web\/wp-content\/uploads\/2023\/02\/siniestro-vial-300x300.jpg 300w, https:\/\/www.revistarescatados.com.ar\/web\/wp-content\/uploads\/2023\/02\/siniestro-vial-150x150.jpg 150w, https:\/\/www.revistarescatados.com.ar\/web\/wp-content\/uploads\/2023\/02\/siniestro-vial-768x767.jpg 768w, https:\/\/www.revistarescatados.com.ar\/web\/wp-content\/uploads\/2023\/02\/siniestro-vial-80x80.jpg 80w, https:\/\/www.revistarescatados.com.ar\/web\/wp-content\/uploads\/2023\/02\/siniestro-vial-320x320.jpg 320w\" sizes=\"(max-width: 960px) 100vw, 960px\" \/><\/figure>\n\n\n\n<p>En horas del mediod\u00eda de este 21 de Febrero, personal policial tom\u00f3 conocimiento de un accidente de tr\u00e1nsito ocurrido en la Ruta Nacional Nro. 11, a pocos kil\u00f3metros al norte de la localidad de La Criolla.<\/p>\n\n\n\n<p>El siniestro fue entre un cami\u00f3n que viajaba en sentido norte-sur y un ciclomotor que viajaba en sentido contrario conducido por una femenina mayor de edad de Gobernador Crespo que perdi\u00f3 la vida al momento del siniestro. La v\u00edctima fue identificada como <strong>Vanina Olinda Bastus <\/strong>de 44 a\u00f1os de edad.<\/p>\n\n\n\n<p>Se mantuvo cortado el tr\u00e1nsito por algunas horas usando un camino alternativo paralelo a la citada arteria hasta retirar el cuerpo de la v\u00edctima y abrir la circulaci\u00f3n con normalidad.<\/p>\n\n\n\n<p>Trabaj\u00f3 en el lugar personal policial de distintas dependencias de la zona, Gendarmer\u00eda Nacional Escuadr\u00f3n San Justo, la AIC, Bomberos de Gobernador Crespo y personal y ambulancia del Centro de Salud de La Criolla.<\/p>\n","protected":false},"excerpt":{"rendered":"<p>En el mediod\u00eda del martes, una mujer de 44 a\u00f1os domiciliada en Gobernador Crespo perdi\u00f3 la vida sobre la ruta nacional N\u00ba 11. En horas del mediod\u00eda de este 21 de Febrero,&#46;&#46;&#46;<\/p>\n","protected":false},"author":1,"featured_media":19132,"comment_status":"closed","ping_status":"closed","sticky":false,"template":"","format":"standard","meta":[],"categories":[4,16,11],"tags":[],"_links":{"self":[{"href":"https:\/\/www.revistarescatados.com.ar\/web\/wp-json\/wp\/v2\/posts\/19131"}],"collection":[{"href":"https:\/\/www.revistarescatados.com.ar\/web\/wp-json\/wp\/v2\/posts"}],"about":[{"href":"https:\/\/www.revistarescatados.com.ar\/web\/wp-json\/wp\/v2\/types\/post"}],"author":[{"embeddable":true,"href":"https:\/\/www.revistarescatados.com.ar\/web\/wp-json\/wp\/v2\/users\/1"}],"replies":[{"embeddable":true,"href":"https:\/\/www.revistarescatados.com.ar\/web\/wp-json\/wp\/v2\/comments?post=19131"}],"version-history":[{"count":1,"href":"https:\/\/www.revistarescatados.com.ar\/web\/wp-json\/wp\/v2\/posts\/19131\/revisions"}],"predecessor-version":[{"id":19133,"href":"https:\/\/www.revistarescatados.com.ar\/web\/wp-json\/wp\/v2\/posts\/19131\/revisions\/19133"}],"wp:featuredmedia":[{"embeddable":true,"href":"https:\/\/www.revistarescatados.com.ar\/web\/wp-json\/wp\/v2\/media\/19132"}],"wp:attachment":[{"href":"https:\/\/www.revistarescatados.com.ar\/web\/wp-json\/wp\/v2\/media?parent=19131"}],"wp:term":[{"taxonomy":"category","embeddable":true,"href":"https:\/\/www.revistarescatados.com.ar\/web\/wp-json\/wp\/v2\/categories?post=19131"},{"taxonomy":"post_tag","embeddable":true,"href":"https:\/\/www.revistarescatados.com.ar\/web\/wp-json\/wp\/v2\/tags?post=19131"}],"curies":[{"name":"wp","href":"https:\/\/api.w.org\/{rel}","templated":true}]}}