{"id":19134,"date":"2023-02-21T23:49:03","date_gmt":"2023-02-22T02:49:03","guid":{"rendered":"https:\/\/www.revistarescatados.com.ar\/web\/?p=19134"},"modified":"2023-02-21T23:49:07","modified_gmt":"2023-02-22T02:49:07","slug":"este-jueves-habra-un-paro-bancario-nacional","status":"publish","type":"post","link":"https:\/\/www.revistarescatados.com.ar\/web\/2023\/02\/21\/este-jueves-habra-un-paro-bancario-nacional\/","title":{"rendered":"Este jueves habr\u00e1 un paro bancario nacional"},"content":{"rendered":"\n<p><strong><mark style=\"background-color:rgba(0, 0, 0, 0)\" class=\"has-inline-color has-vivid-red-color\">La Asociaci\u00f3n Bancaria anunci\u00f3 un paro nacional de 24 horas para este jueves 23 de febrero luego de que fracasara la reuni\u00f3n paritaria con las entidades bancarias en dependencias del Ministerio de Trabajo.<\/mark><\/strong><\/p>\n\n\n\n<figure class=\"wp-block-image size-large\"><img loading=\"lazy\" width=\"1024\" height=\"831\" src=\"http:\/\/www.revistarescatados.com.ar\/web\/wp-content\/uploads\/2022\/04\/Banco-Credicoop-1024x831.jpg\" alt=\"\" class=\"wp-image-17106\" srcset=\"https:\/\/www.revistarescatados.com.ar\/web\/wp-content\/uploads\/2022\/04\/Banco-Credicoop-1024x831.jpg 1024w, https:\/\/www.revistarescatados.com.ar\/web\/wp-content\/uploads\/2022\/04\/Banco-Credicoop-300x244.jpg 300w, https:\/\/www.revistarescatados.com.ar\/web\/wp-content\/uploads\/2022\/04\/Banco-Credicoop-768x623.jpg 768w, https:\/\/www.revistarescatados.com.ar\/web\/wp-content\/uploads\/2022\/04\/Banco-Credicoop.jpg 1280w\" sizes=\"(max-width: 1024px) 100vw, 1024px\" \/><\/figure>\n\n\n\n<p><br>\u201cNo se logr\u00f3 un acuerdo. Hemos planteado, m\u00e1s all\u00e1 de los porcentajes y revisar las paritarias del 2022, que el sector empresario se haga cargo de parte del impuesto a las Ganancias que hoy pagan los trabajadores. La respuesta ha sido negativa\u201d, afirm\u00f3 Palazzo desde la puerta de las dependencias del Ministerio de Trabajo, ubicadas en Callao 114 de la Ciudad de Buenos Aires, donde brind\u00f3 declaraciones a la prensa.<\/p>\n\n\n\n<p><br>En ese marco, el Secretario General de AB confirm\u00f3 un paro total de actividades por 24 horas para el jueves 23 de febrero y anticip\u00f3 que si el sector empresario no hace caso al reclamo, el gremio se reunir\u00e1 \u201cpara intensificar las medidas\u201d.<\/p>\n","protected":false},"excerpt":{"rendered":"<p>La Asociaci\u00f3n Bancaria anunci\u00f3 un paro nacional de 24 horas para este jueves 23 de febrero luego de que fracasara la reuni\u00f3n paritaria con las entidades bancarias en dependencias del Ministerio de&#46;&#46;&#46;<\/p>\n","protected":false},"author":1,"featured_media":17106,"comment_status":"closed","ping_status":"closed","sticky":false,"template":"","format":"standard","meta":[],"categories":[16,10,8],"tags":[],"_links":{"self":[{"href":"https:\/\/www.revistarescatados.com.ar\/web\/wp-json\/wp\/v2\/posts\/19134"}],"collection":[{"href":"https:\/\/www.revistarescatados.com.ar\/web\/wp-json\/wp\/v2\/posts"}],"about":[{"href":"https:\/\/www.revistarescatados.com.ar\/web\/wp-json\/wp\/v2\/types\/post"}],"author":[{"embeddable":true,"href":"https:\/\/www.revistarescatados.com.ar\/web\/wp-json\/wp\/v2\/users\/1"}],"replies":[{"embeddable":true,"href":"https:\/\/www.revistarescatados.com.ar\/web\/wp-json\/wp\/v2\/comments?post=19134"}],"version-history":[{"count":1,"href":"https:\/\/www.revistarescatados.com.ar\/web\/wp-json\/wp\/v2\/posts\/19134\/revisions"}],"predecessor-version":[{"id":19135,"href":"https:\/\/www.revistarescatados.com.ar\/web\/wp-json\/wp\/v2\/posts\/19134\/revisions\/19135"}],"wp:featuredmedia":[{"embeddable":true,"href":"https:\/\/www.revistarescatados.com.ar\/web\/wp-json\/wp\/v2\/media\/17106"}],"wp:attachment":[{"href":"https:\/\/www.revistarescatados.com.ar\/web\/wp-json\/wp\/v2\/media?parent=19134"}],"wp:term":[{"taxonomy":"category","embeddable":true,"href":"https:\/\/www.revistarescatados.com.ar\/web\/wp-json\/wp\/v2\/categories?post=19134"},{"taxonomy":"post_tag","embeddable":true,"href":"https:\/\/www.revistarescatados.com.ar\/web\/wp-json\/wp\/v2\/tags?post=19134"}],"curies":[{"name":"wp","href":"https:\/\/api.w.org\/{rel}","templated":true}]}}