{"id":19198,"date":"2023-03-02T02:55:25","date_gmt":"2023-03-02T05:55:25","guid":{"rendered":"https:\/\/www.revistarescatados.com.ar\/web\/?p=19198"},"modified":"2023-03-02T02:55:29","modified_gmt":"2023-03-02T05:55:29","slug":"sosa-entrego-un-aporte-a-la-escuela-no-1378-de-barrio-san-cayetano","status":"publish","type":"post","link":"https:\/\/www.revistarescatados.com.ar\/web\/2023\/03\/02\/sosa-entrego-un-aporte-a-la-escuela-no-1378-de-barrio-san-cayetano\/","title":{"rendered":"Sosa entreg\u00f3 un aporte a la escuela N\u00ba 1378 de Barrio san Cayetano"},"content":{"rendered":"\n<p><strong><mark style=\"background-color:rgba(0, 0, 0, 0)\" class=\"has-inline-color has-vivid-red-color\">En la Casa del Senado, el legislador Osvaldo Sosa recibi\u00f3 a la directora de la Escuela Intercultural Biling\u00fce N\u00ba 1378 de barrio San Cayetano de la ciudad de Calchaqu\u00ed, M\u00f3nica Toschi.<\/mark><\/strong> <strong><mark style=\"background-color:rgba(0, 0, 0, 0)\" class=\"has-inline-color has-vivid-red-color\">Adem\u00e1s acompa\u00f1\u00f3 a la ministra de medioambiente Erika Gonnet en su visita a Calchaqu\u00ed<\/mark><\/strong>.<\/p>\n\n\n\n<figure class=\"wp-block-image size-full is-resized\"><img loading=\"lazy\" src=\"https:\/\/www.revistarescatados.com.ar\/web\/wp-content\/uploads\/2023\/03\/senador-y-directora-escuela-1378.jpg\" alt=\"\" class=\"wp-image-19199\" width=\"672\" height=\"672\" srcset=\"https:\/\/www.revistarescatados.com.ar\/web\/wp-content\/uploads\/2023\/03\/senador-y-directora-escuela-1378.jpg 526w, https:\/\/www.revistarescatados.com.ar\/web\/wp-content\/uploads\/2023\/03\/senador-y-directora-escuela-1378-300x300.jpg 300w, https:\/\/www.revistarescatados.com.ar\/web\/wp-content\/uploads\/2023\/03\/senador-y-directora-escuela-1378-150x150.jpg 150w, https:\/\/www.revistarescatados.com.ar\/web\/wp-content\/uploads\/2023\/03\/senador-y-directora-escuela-1378-80x80.jpg 80w, https:\/\/www.revistarescatados.com.ar\/web\/wp-content\/uploads\/2023\/03\/senador-y-directora-escuela-1378-320x320.jpg 320w\" sizes=\"(max-width: 672px) 100vw, 672px\" \/><\/figure>\n\n\n\n<p><br>En el encuentro dialogamos de las actividades a desarrollar en este nuevo ciclo lectivo, tanto recreativas como pedag\u00f3gicas. Adem\u00e1s, realizamos la entrega de aportes econ\u00f3micos destinado a la instituci\u00f3n escolar.<\/p>\n\n\n\n<p>?? ???????? ????? ?????? ?? ?????????<\/p>\n\n\n\n<p>En la ciudad de Calchaqu\u00ed, junto al Intendente, Rub\u00e9n Cuello, el senador acompa\u00f1\u00f3 a la a Ministra de Ambiente y Cambio Clim\u00e1tico, Erika Gonnet en su visita a la ciudad.<\/p>\n\n\n\n<figure class=\"wp-block-image size-large\"><img loading=\"lazy\" width=\"1024\" height=\"768\" src=\"https:\/\/www.revistarescatados.com.ar\/web\/wp-content\/uploads\/2023\/03\/sosa-y-gonnet-1024x768.jpg\" alt=\"\" class=\"wp-image-19200\" srcset=\"https:\/\/www.revistarescatados.com.ar\/web\/wp-content\/uploads\/2023\/03\/sosa-y-gonnet-1024x768.jpg 1024w, https:\/\/www.revistarescatados.com.ar\/web\/wp-content\/uploads\/2023\/03\/sosa-y-gonnet-300x225.jpg 300w, https:\/\/www.revistarescatados.com.ar\/web\/wp-content\/uploads\/2023\/03\/sosa-y-gonnet-768x576.jpg 768w, https:\/\/www.revistarescatados.com.ar\/web\/wp-content\/uploads\/2023\/03\/sosa-y-gonnet.jpg 1440w\" sizes=\"(max-width: 1024px) 100vw, 1024px\" \/><\/figure>\n\n\n\n<p>En la misma se dio a conocer el equipamiento (chipeadora, contenedores, bicicletas, prensadora) que adquiri\u00f3 la municipalidad, con fondos provenientes del mismo Ministerio. Tambi\u00e9n realizaron un recorrido por el vivero municipal y las nuevas instalaciones que se est\u00e1n construyendo en el \u00c1rea de Jardiner\u00eda Municipal.<\/p>\n","protected":false},"excerpt":{"rendered":"<p>En la Casa del Senado, el legislador Osvaldo Sosa recibi\u00f3 a la directora de la Escuela Intercultural Biling\u00fce N\u00ba 1378 de barrio San Cayetano de la ciudad de Calchaqu\u00ed, M\u00f3nica Toschi. Adem\u00e1s&#46;&#46;&#46;<\/p>\n","protected":false},"author":1,"featured_media":19199,"comment_status":"closed","ping_status":"closed","sticky":false,"template":"","format":"standard","meta":[],"categories":[2,3,16,10,8],"tags":[],"_links":{"self":[{"href":"https:\/\/www.revistarescatados.com.ar\/web\/wp-json\/wp\/v2\/posts\/19198"}],"collection":[{"href":"https:\/\/www.revistarescatados.com.ar\/web\/wp-json\/wp\/v2\/posts"}],"about":[{"href":"https:\/\/www.revistarescatados.com.ar\/web\/wp-json\/wp\/v2\/types\/post"}],"author":[{"embeddable":true,"href":"https:\/\/www.revistarescatados.com.ar\/web\/wp-json\/wp\/v2\/users\/1"}],"replies":[{"embeddable":true,"href":"https:\/\/www.revistarescatados.com.ar\/web\/wp-json\/wp\/v2\/comments?post=19198"}],"version-history":[{"count":1,"href":"https:\/\/www.revistarescatados.com.ar\/web\/wp-json\/wp\/v2\/posts\/19198\/revisions"}],"predecessor-version":[{"id":19201,"href":"https:\/\/www.revistarescatados.com.ar\/web\/wp-json\/wp\/v2\/posts\/19198\/revisions\/19201"}],"wp:featuredmedia":[{"embeddable":true,"href":"https:\/\/www.revistarescatados.com.ar\/web\/wp-json\/wp\/v2\/media\/19199"}],"wp:attachment":[{"href":"https:\/\/www.revistarescatados.com.ar\/web\/wp-json\/wp\/v2\/media?parent=19198"}],"wp:term":[{"taxonomy":"category","embeddable":true,"href":"https:\/\/www.revistarescatados.com.ar\/web\/wp-json\/wp\/v2\/categories?post=19198"},{"taxonomy":"post_tag","embeddable":true,"href":"https:\/\/www.revistarescatados.com.ar\/web\/wp-json\/wp\/v2\/tags?post=19198"}],"curies":[{"name":"wp","href":"https:\/\/api.w.org\/{rel}","templated":true}]}}