{"id":19202,"date":"2023-03-02T03:09:10","date_gmt":"2023-03-02T06:09:10","guid":{"rendered":"https:\/\/www.revistarescatados.com.ar\/web\/?p=19202"},"modified":"2023-03-02T03:09:14","modified_gmt":"2023-03-02T06:09:14","slug":"la-ministra-de-ambiente-erika-gonnet-superviso-la-gestion-de-residuos-y-energias-renovables-en-calchaqui","status":"publish","type":"post","link":"https:\/\/www.revistarescatados.com.ar\/web\/2023\/03\/02\/la-ministra-de-ambiente-erika-gonnet-superviso-la-gestion-de-residuos-y-energias-renovables-en-calchaqui\/","title":{"rendered":"La ministra de ambiente Erika Gonnet supervis\u00f3 la gesti\u00f3n de residuos y energ\u00edas renovables en Calchaqu\u00ed"},"content":{"rendered":"\n<p><strong><mark style=\"background-color:rgba(0, 0, 0, 0)\" class=\"has-inline-color has-vivid-red-color\">Se reuni\u00f3 en la Municipalidad con el intendente Rub\u00e9n Cuello y posteriormente visitaron el equipamiento de GIRSU que fue entregado en el marco del Plan Incluir Ambiente. Como tambi\u00e9n visit\u00f3 las instalaciones de Calchaqu\u00ed FC donde se instalaron dos calefones solares.<\/mark><\/strong><\/p>\n\n\n\n<figure class=\"wp-block-image size-full\"><img loading=\"lazy\" width=\"960\" height=\"496\" src=\"https:\/\/www.revistarescatados.com.ar\/web\/wp-content\/uploads\/2023\/03\/Visita-de-Erika-Gonnet.jpg\" alt=\"\" class=\"wp-image-19203\" srcset=\"https:\/\/www.revistarescatados.com.ar\/web\/wp-content\/uploads\/2023\/03\/Visita-de-Erika-Gonnet.jpg 960w, https:\/\/www.revistarescatados.com.ar\/web\/wp-content\/uploads\/2023\/03\/Visita-de-Erika-Gonnet-300x155.jpg 300w, https:\/\/www.revistarescatados.com.ar\/web\/wp-content\/uploads\/2023\/03\/Visita-de-Erika-Gonnet-768x397.jpg 768w\" sizes=\"(max-width: 960px) 100vw, 960px\" \/><\/figure>\n\n\n\n<p>La Ministra resalt\u00f3: \u201cHoy en Calchaqu\u00ed estamos mostrando hechos, trabajando con el Intendente, los recicladores, las escuelas. Quiero felicitar a todas las personas que est\u00e1n trabajando en estos proyectos porque son los responsables de que las propuestas que trajimos en su momento ya est\u00e1n plasmadas y funcionando\u201d explic\u00f3 la ministra.<\/p>\n\n\n\n<p>\u201cEstoy muy contento porque ya tenemos la gran mayor\u00eda de los elementos que necesitamos adquiridos\u201d, coment\u00f3 el Intendente Ruben Cuello y explic\u00f3 que \u201cla idea era mostrar todo lo que estuvimos trabajando\u201d en relaci\u00f3n a la gesti\u00f3n de residuos. \u201cPor todo esto, le quiero agradecer a Erika y al gobernador Omar Perotti por todo lo que hacen por nosotros y por nuestra ciudad\u201d, finaliz\u00f3.<\/p>\n\n\n\n<p>Como \u00faltimo punto de la recorrida, los funcionarios visitaron el predio deCalchaqu\u00ed F\u00fatbol Club, donde se encuentran instalados dos calefones solares que proveen de agua a los vestuarios de los deportistas de la ciudad.<\/p>\n\n\n\n<p><strong>Cabe resaltar que la inversi\u00f3n ambiental en la localidad supera los 25 millones de pesos. <\/strong>Por un lado, a trav\u00e9s del Plan Incluir Ambiente y diversos aportes del Gobierno de Santa Fe en materia de residuos, la localidad adquiri\u00f3 contenedores, una prensa, y una chipeadora. <\/p>\n\n\n\n<p>Adem\u00e1s, se encuentra avanzando en la ejecuci\u00f3n y montaje de un tinglado para su centro de reciclado. Por otro lado, junto al Programa de Naciones Unidas Para el Medio Ambiente, a trav\u00e9s de gestiones conjuntas del Gobierno de Santa Fe, accedi\u00f3 al testeo e implementaci\u00f3n de la hoja de ruta para el cierre de basurales a cielo abierto.<\/p>\n\n\n\n<p>Adem\u00e1s de todo el equipamiento mencionado la localidad de Calchaqu\u00ed adquiri\u00f3, una bicicleta para reciclaje urbano con asistencia el\u00e9ctrica, 40 bicicletas para primera infancia, y 10 bicicletas para continuar fomentando la movilidad activa, y un tractor, motoguada\u00f1as y motosierras para potenciar las pol\u00edticas de arbolado p\u00fablico.<\/p>\n\n\n\n<p><br>Participaron adem\u00e1s de las actividades realizadas el senador provincial Osvaldo Sosa, el subsecretario de Tecnolog\u00eda para la Sostenibilidad, Franco Blatter, y la subsecretaria de Econom\u00eda Circular, Saida Caula.<\/p>\n\n\n\n<iframe loading=\"lazy\" src=\"https:\/\/www.facebook.com\/plugins\/post.php?href=https%3A%2F%2Fwww.facebook.com%2Fgobiernociudadcalchaqui%2Fposts%2Fpfbid0B8DuThap1hcQggWkMPttHzcT3afXsmgpH94sKKApnmYC5sGh1k9k6v76N1sT9unJl&#038;show_text=true&#038;width=500\" width=\"500\" height=\"806\" style=\"border:none;overflow:hidden\" scrolling=\"no\" frameborder=\"0\" allowfullscreen=\"true\" allow=\"autoplay; clipboard-write; encrypted-media; picture-in-picture; web-share\"><\/iframe>\n","protected":false},"excerpt":{"rendered":"<p>Se reuni\u00f3 en la Municipalidad con el intendente Rub\u00e9n Cuello y posteriormente visitaron el equipamiento de GIRSU que fue entregado en el marco del Plan Incluir Ambiente. Como tambi\u00e9n visit\u00f3 las instalaciones&#46;&#46;&#46;<\/p>\n","protected":false},"author":1,"featured_media":19203,"comment_status":"closed","ping_status":"closed","sticky":false,"template":"","format":"standard","meta":[],"categories":[2,3,16,10],"tags":[],"_links":{"self":[{"href":"https:\/\/www.revistarescatados.com.ar\/web\/wp-json\/wp\/v2\/posts\/19202"}],"collection":[{"href":"https:\/\/www.revistarescatados.com.ar\/web\/wp-json\/wp\/v2\/posts"}],"about":[{"href":"https:\/\/www.revistarescatados.com.ar\/web\/wp-json\/wp\/v2\/types\/post"}],"author":[{"embeddable":true,"href":"https:\/\/www.revistarescatados.com.ar\/web\/wp-json\/wp\/v2\/users\/1"}],"replies":[{"embeddable":true,"href":"https:\/\/www.revistarescatados.com.ar\/web\/wp-json\/wp\/v2\/comments?post=19202"}],"version-history":[{"count":1,"href":"https:\/\/www.revistarescatados.com.ar\/web\/wp-json\/wp\/v2\/posts\/19202\/revisions"}],"predecessor-version":[{"id":19204,"href":"https:\/\/www.revistarescatados.com.ar\/web\/wp-json\/wp\/v2\/posts\/19202\/revisions\/19204"}],"wp:featuredmedia":[{"embeddable":true,"href":"https:\/\/www.revistarescatados.com.ar\/web\/wp-json\/wp\/v2\/media\/19203"}],"wp:attachment":[{"href":"https:\/\/www.revistarescatados.com.ar\/web\/wp-json\/wp\/v2\/media?parent=19202"}],"wp:term":[{"taxonomy":"category","embeddable":true,"href":"https:\/\/www.revistarescatados.com.ar\/web\/wp-json\/wp\/v2\/categories?post=19202"},{"taxonomy":"post_tag","embeddable":true,"href":"https:\/\/www.revistarescatados.com.ar\/web\/wp-json\/wp\/v2\/tags?post=19202"}],"curies":[{"name":"wp","href":"https:\/\/api.w.org\/{rel}","templated":true}]}}