{"id":19205,"date":"2023-03-02T22:25:53","date_gmt":"2023-03-03T01:25:53","guid":{"rendered":"https:\/\/www.revistarescatados.com.ar\/web\/?p=19205"},"modified":"2023-03-02T22:25:57","modified_gmt":"2023-03-03T01:25:57","slug":"por-primera-vez-registran-un-ejemplar-de-ocelote-en-la-cuna-boscosa","status":"publish","type":"post","link":"https:\/\/www.revistarescatados.com.ar\/web\/2023\/03\/02\/por-primera-vez-registran-un-ejemplar-de-ocelote-en-la-cuna-boscosa\/","title":{"rendered":"Por primera vez registran un ejemplar de Ocelote en la cu\u00f1a boscosa"},"content":{"rendered":"\n<p><\/p>\n\n\n\n<p><strong><mark style=\"background-color:rgba(0, 0, 0, 0)\" class=\"has-inline-color has-vivid-red-color\">Fue en el marco de las actividades de monitoreo y relevamiento de fauna llevadas adelante por el Ministerio de Ambiente y Cambio Clim\u00e1tico a trav\u00e9s de c\u00e1maras trampa.<\/mark><\/strong><\/p>\n\n\n\n<figure class=\"wp-block-image size-full\"><img loading=\"lazy\" width=\"800\" height=\"450\" src=\"https:\/\/www.revistarescatados.com.ar\/web\/wp-content\/uploads\/2023\/03\/Ocelote.jpg\" alt=\"\" class=\"wp-image-19206\" srcset=\"https:\/\/www.revistarescatados.com.ar\/web\/wp-content\/uploads\/2023\/03\/Ocelote.jpg 800w, https:\/\/www.revistarescatados.com.ar\/web\/wp-content\/uploads\/2023\/03\/Ocelote-300x169.jpg 300w, https:\/\/www.revistarescatados.com.ar\/web\/wp-content\/uploads\/2023\/03\/Ocelote-768x432.jpg 768w\" sizes=\"(max-width: 800px) 100vw, 800px\" \/><\/figure>\n\n\n\n<p>El gobierno de la provincia de Santa Fe detect\u00f3 por primera vez la presencia de un ejemplar de Ocelote o Gato Onza (Leopardus pardalis) en la cu\u00f1a boscosa del norte santafesino. El hallazgo fue obtenido en el marco de la colocaci\u00f3n de c\u00e1maras trampa en la zona como parte de las actividades y estudios de monitoreo y relevamiento de la fauna de la provincia.<\/p>\n\n\n\n<p><br>\u201cLas c\u00e1maras fueron dispuestas entre el mes de julio y noviembre de 2022 por profesionales del Centro de Rescate e Interpretaci\u00f3n de Fauna La Esmeralda con el objetivo de adquirir informaci\u00f3n y poder seguir avanzando en investigaciones vinculadas a nuestra fauna\u201d, destac\u00f3 la subsecretaria de Protecci\u00f3n a la Naturaleza, Josefina Obeid.<\/p>\n\n\n\n<p>Y detall\u00f3: \u201cRecientemente retiramos algunas de esas c\u00e1maras y empezamos a procesar la informaci\u00f3n. As\u00ed fue que encontramos los registros del Gato Onza, con fechas del 18 y 24 de agosto\u201d.<\/p>\n\n\n\n<p>El especialista e integrante de la Direcci\u00f3n de Fauna, Guillermo Pr\u00edncipe, explic\u00f3: \u201cHasta el momento la presencia del gato onza en la provincia de Santa Fe hab\u00eda sido considerada dudosa. Existe un cr\u00e1neo de un ejemplar de esta especie que forma parte de la colecci\u00f3n del Museo Ameghino, recolectado en la localidad de Villa Guillermina en el a\u00f1o 1941 y algunos registros de supuestas huellas, pero hasta el momento, no se ten\u00edan im\u00e1genes del animal vivo\u201d.<\/p>\n\n\n\n<p><strong>LEOPARDUS PARDALIS<\/strong><\/p>\n\n\n\n<p>El Ocelote o Gato Onza es un felino de tama\u00f1o mediano, de cuerpo largo y compacto, con extremidades robustas y manos anchas. Posee un vistoso pelaje con manchas que forman distintas figuras y bandas. Su vientre es blanquecino con rayas negras. Presenta h\u00e1bitos principalmente nocturnos y menos frecuentemente crepusculares, es solitario y prefiere las selvas o bosques para moverse, suele descansar encima de los \u00e1rboles o en grietas durante el d\u00eda.<\/p>\n\n\n\n<p>Se alimenta de aves, mam\u00edferos, reptiles, anfibios y menos frecuentemente de peces y cangrejos. Se reproduce entre los meses de octubre y enero, la gestaci\u00f3n dura 70 a 80 d\u00edas y puede tener entre 1 y 3 cr\u00edas.<\/p>\n\n\n\n<p>El estado de conservaci\u00f3n de la especie seg\u00fan la lista roja de la Uni\u00f3n Internacional para la Conservaci\u00f3n de Naturaleza (UICN) es de Preocupaci\u00f3n Menor (LC) a nivel global debido a su gran distribuci\u00f3n que abarca desde el suroeste de Estados Unidos hasta el sur de Brasil, Norte de Argentina y Uruguay. Para la Sociedad Argentina para el Estudio de Los Mam\u00edferos (SAREM) la considera como una especie vulnerable (VU).<\/p>\n","protected":false},"excerpt":{"rendered":"<p>Fue en el marco de las actividades de monitoreo y relevamiento de fauna llevadas adelante por el Ministerio de Ambiente y Cambio Clim\u00e1tico a trav\u00e9s de c\u00e1maras trampa. El gobierno de la&#46;&#46;&#46;<\/p>\n","protected":false},"author":1,"featured_media":19206,"comment_status":"closed","ping_status":"closed","sticky":false,"template":"","format":"standard","meta":[],"categories":[16,10,14,8],"tags":[],"_links":{"self":[{"href":"https:\/\/www.revistarescatados.com.ar\/web\/wp-json\/wp\/v2\/posts\/19205"}],"collection":[{"href":"https:\/\/www.revistarescatados.com.ar\/web\/wp-json\/wp\/v2\/posts"}],"about":[{"href":"https:\/\/www.revistarescatados.com.ar\/web\/wp-json\/wp\/v2\/types\/post"}],"author":[{"embeddable":true,"href":"https:\/\/www.revistarescatados.com.ar\/web\/wp-json\/wp\/v2\/users\/1"}],"replies":[{"embeddable":true,"href":"https:\/\/www.revistarescatados.com.ar\/web\/wp-json\/wp\/v2\/comments?post=19205"}],"version-history":[{"count":1,"href":"https:\/\/www.revistarescatados.com.ar\/web\/wp-json\/wp\/v2\/posts\/19205\/revisions"}],"predecessor-version":[{"id":19207,"href":"https:\/\/www.revistarescatados.com.ar\/web\/wp-json\/wp\/v2\/posts\/19205\/revisions\/19207"}],"wp:featuredmedia":[{"embeddable":true,"href":"https:\/\/www.revistarescatados.com.ar\/web\/wp-json\/wp\/v2\/media\/19206"}],"wp:attachment":[{"href":"https:\/\/www.revistarescatados.com.ar\/web\/wp-json\/wp\/v2\/media?parent=19205"}],"wp:term":[{"taxonomy":"category","embeddable":true,"href":"https:\/\/www.revistarescatados.com.ar\/web\/wp-json\/wp\/v2\/categories?post=19205"},{"taxonomy":"post_tag","embeddable":true,"href":"https:\/\/www.revistarescatados.com.ar\/web\/wp-json\/wp\/v2\/tags?post=19205"}],"curies":[{"name":"wp","href":"https:\/\/api.w.org\/{rel}","templated":true}]}}