{"id":19208,"date":"2023-03-02T22:32:03","date_gmt":"2023-03-03T01:32:03","guid":{"rendered":"https:\/\/www.revistarescatados.com.ar\/web\/?p=19208"},"modified":"2023-03-02T22:33:37","modified_gmt":"2023-03-03T01:33:37","slug":"ya-se-registran-casos-de-dengue-en-margarita-la-gallareta-y-alejandra-video","status":"publish","type":"post","link":"https:\/\/www.revistarescatados.com.ar\/web\/2023\/03\/02\/ya-se-registran-casos-de-dengue-en-margarita-la-gallareta-y-alejandra-video\/","title":{"rendered":"Ya se registran casos de dengue en Margarita, La Gallareta y Alejandra (video)"},"content":{"rendered":"\n<p><\/p>\n\n\n\n<p><strong><mark style=\"background-color:rgba(0, 0, 0, 0)\" class=\"has-inline-color has-vivid-red-color\">Hasta el momento se registraron 783 casos en la provincia, la mayor\u00eda en Departamento General Obligado, siendo Villa Guillermina y Las Toscas las localidades con mayor cantidad de casos.<\/mark><\/strong><\/p>\n\n\n\n<figure class=\"wp-block-image size-full\"><img loading=\"lazy\" width=\"640\" height=\"420\" src=\"http:\/\/www.revistarescatados.com.ar\/web\/wp-content\/uploads\/2020\/04\/dengue.jpg\" alt=\"\" class=\"wp-image-8804\" srcset=\"https:\/\/www.revistarescatados.com.ar\/web\/wp-content\/uploads\/2020\/04\/dengue.jpg 640w, https:\/\/www.revistarescatados.com.ar\/web\/wp-content\/uploads\/2020\/04\/dengue-300x197.jpg 300w\" sizes=\"(max-width: 640px) 100vw, 640px\" \/><\/figure>\n\n\n\n<p>El Ministerio de Salud y la Direcci\u00f3n de Epidemiolog\u00eda de la provincia confirmaron un aumento de casos de dengue, al tiempo que contin\u00faan los operativos territoriales en las zonas con mayor cantidad de contagios para contener y prevenir el avance de la enfermedad.<\/p>\n\n\n\n<p><br>La directora de Epidemiolog\u00eda, Carolina Cud\u00f3s, confirm\u00f3 que \u201cal d\u00eda de hoy tenemos 783 casos de dengue, de los cuales 11 son pacientes de otras provincias que consultaron ac\u00e1, por lo tanto 772 son de la provincia, principalmente con mayor presencia en el departamento General Obligado, que fue el primero que comenz\u00f3 con casos en Villa Guillermina, Las Toscas, Reconquista, Avellaneda, Tacuarend\u00ed, San Antonio de Obligado\u201d, y agreg\u00f3 que \u201cen el departamento 9 de julio, con Villa Minetti, donde la circulaci\u00f3n tambi\u00e9n va en incremento, por lo que se est\u00e1 trabajando muy fuerte\u201d.<\/p>\n\n\n\n<p>Cud\u00f3s detall\u00f3 que \u201chay otras localidades que comienzan a tener casos que son aislados, pero no son pacientes que hayan viajado: Rafaela, Santa Fe -donde la mayor\u00eda de los casos son importados-, Ceres, Recreo y Rosario. En estas localidades se detectan casos, hay gente que viaj\u00f3 pero ya se detectan casos sin antecedente de viaje. No hablamos de una circulaci\u00f3n viral extensa, pero s\u00ed nos alarma y nos ocupa ante la posibilidad de que surjan mayor cantidad de casos\u201d.<\/p>\n\n\n\n<p>La especialista indic\u00f3 que \u201cla mayor\u00eda de los casos se transcurre con normalidad y no se han te\u00f1ido casos graves a la fecha\u201d. Asimismo, agreg\u00f3 que \u201cesta situaci\u00f3n era de esperarse, tenemos una circulaci\u00f3n en ciclos en la regi\u00f3n, cada 3 o 4 a\u00f1os aparece un brote de dengue, sumado a que las personas ya se animan a viajar m\u00e1s a lugares donde hay un aumento, como Brasil, Bolivia y Paraguay\u201d.<\/p>\n\n\n\n<figure class=\"wp-block-embed is-type-rich is-provider-gestor-del-servicio wp-block-embed-gestor-del-servicio\"><div class=\"wp-block-embed__wrapper\">\n<div style=\"width: 640px;\" class=\"wp-video\"><!--[if lt IE 9]><script>document.createElement('video');<\/script><![endif]-->\n<video class=\"wp-video-shortcode\" id=\"video-19208-1\" width=\"640\" height=\"360\" preload=\"metadata\" controls=\"controls\"><source type=\"video\/mp4\" src=\"https:\/\/www.santafe.gov.ar\/noticias\/recursos\/videosHD\/2023\/03\/2023-03-02NID_277415O_1.mp4?_=1\" \/><a href=\"https:\/\/www.santafe.gov.ar\/noticias\/recursos\/videosHD\/2023\/03\/2023-03-02NID_277415O_1.mp4\">https:\/\/www.santafe.gov.ar\/noticias\/recursos\/videosHD\/2023\/03\/2023-03-02NID_277415O_1.mp4<\/a><\/video><\/div>\n<\/div><\/figure>\n\n\n\n<p><strong>ABORDAJE<\/strong><\/p>\n\n\n\n<p>Por otro lado, la funcionaria record\u00f3 el modo de trabajo para abordar las distintas localidades: \u201cCuando hay casos aislados, es decir sin una circulaci\u00f3n viral extensa, se hace el bloqueo casa por casa. Son 9 manzanas donde se realiza la b\u00fasqueda de febriles, el descacharrado, la limpieza y la fumigaci\u00f3n intro y peri domicilio\u201d.<\/p>\n\n\n\n<p>\u201cCuando hay una localidad con muchos casos, como Villa Guillermina o Las Toscas -continu\u00f3-, se trabaja en forma de barrido: se realizan fumigaci\u00f3n espacial, es decir, cada 3 a 5 d\u00edas en toda la calle, se le avisa a los vecinos y vecinas, ya que esta fumigaci\u00f3n se realiza a primera hora de la ma\u00f1ana o al finalizar la tarde, y para que abran puertas y ventanas de modo tal que el producto ingrese al domicilio. En paralelo se hace el barrido en toda la localidad en b\u00fasqueda de febriles y descacharrado\u201d, explic\u00f3.<\/p>\n\n\n\n<p><strong>LOS CASOS<\/strong><\/p>\n\n\n\n<p>Los 772 casos que corresponden a pacientes que viven en la provincia corresponden a personas con residencia en los departamentos General Obligado, Rosario, 9 de Julio, La Capital, San Crist\u00f3bal y Vera, y se distribuyen en las siguientes localidades:<\/p>\n\n\n\n<blockquote class=\"wp-block-quote\"><p>Departamento General Obligado, 724 casos confirmados: Villa Guillermina (317 casos), Las Toscas (245), Reconquista (49), Villa Ocampo (39), San Antonio de Obligado (28), Avellaneda (14), Florencia (12), Tacuarend\u00ed (7), Campo Hardy (4), Villa Ana (4), Ingeniero Chanourdie (2), Malabrigo (1), Arroyo Ceibal (1) y El Rab\u00f3n (1).<\/p><p>Departamento 9 de Julio, 13 casos confirmados, todos de la localidad de Villa Minetti.<\/p><p>Departamento La Capital, 9 casos confirmados: Santa Fe (5), Recreo (3) y San Jos\u00e9 del Rinc\u00f3n (1).<\/p><p>Departamento Castellanos, 8 casos confirmados, todos de la ciudad de Rafaela.<\/p><p>Departamento Rosario, 7 casos confirmados, todos de la ciudad de Rosario.<\/p><p>Departamento San Crist\u00f3bal, 6 casos confirmados: Ceres (5) y Huanqueros (1).<\/p><p><strong>Departamento Vera, 3 casos confirmados: La Gallareta (2) y Margarita (1).<\/strong><\/p><p>Departamento Las Colonias, 1 caso confirmado en la ciudad de Esperanza.<\/p><p>Departamento San Javier 1 caso confirmado en Alejandra.<\/p><\/blockquote>\n\n\n\n<p><strong>CHIKUNGUNYA<\/strong><\/p>\n\n\n\n<p>Mientras, no se registraron nuevos casos de Fiebre Chikungunya. Se confirmaron dos casos de pacientes de Rosario y Santa Fe, con antecedentes de viaje.<\/p>\n","protected":false},"excerpt":{"rendered":"<p>Hasta el momento se registraron 783 casos en la provincia, la mayor\u00eda en Departamento General Obligado, siendo Villa Guillermina y Las Toscas las localidades con mayor cantidad de casos. El Ministerio de&#46;&#46;&#46;<\/p>\n","protected":false},"author":1,"featured_media":8804,"comment_status":"closed","ping_status":"closed","sticky":false,"template":"","format":"standard","meta":[],"categories":[6,5,3,16,9],"tags":[],"_links":{"self":[{"href":"https:\/\/www.revistarescatados.com.ar\/web\/wp-json\/wp\/v2\/posts\/19208"}],"collection":[{"href":"https:\/\/www.revistarescatados.com.ar\/web\/wp-json\/wp\/v2\/posts"}],"about":[{"href":"https:\/\/www.revistarescatados.com.ar\/web\/wp-json\/wp\/v2\/types\/post"}],"author":[{"embeddable":true,"href":"https:\/\/www.revistarescatados.com.ar\/web\/wp-json\/wp\/v2\/users\/1"}],"replies":[{"embeddable":true,"href":"https:\/\/www.revistarescatados.com.ar\/web\/wp-json\/wp\/v2\/comments?post=19208"}],"version-history":[{"count":2,"href":"https:\/\/www.revistarescatados.com.ar\/web\/wp-json\/wp\/v2\/posts\/19208\/revisions"}],"predecessor-version":[{"id":19211,"href":"https:\/\/www.revistarescatados.com.ar\/web\/wp-json\/wp\/v2\/posts\/19208\/revisions\/19211"}],"wp:featuredmedia":[{"embeddable":true,"href":"https:\/\/www.revistarescatados.com.ar\/web\/wp-json\/wp\/v2\/media\/8804"}],"wp:attachment":[{"href":"https:\/\/www.revistarescatados.com.ar\/web\/wp-json\/wp\/v2\/media?parent=19208"}],"wp:term":[{"taxonomy":"category","embeddable":true,"href":"https:\/\/www.revistarescatados.com.ar\/web\/wp-json\/wp\/v2\/categories?post=19208"},{"taxonomy":"post_tag","embeddable":true,"href":"https:\/\/www.revistarescatados.com.ar\/web\/wp-json\/wp\/v2\/tags?post=19208"}],"curies":[{"name":"wp","href":"https:\/\/api.w.org\/{rel}","templated":true}]}}