{"id":1928,"date":"2018-09-13T00:19:43","date_gmt":"2018-09-13T03:19:43","guid":{"rendered":"http:\/\/www.revistarescatados.com.ar\/web\/?p=1928"},"modified":"2018-09-13T00:19:43","modified_gmt":"2018-09-13T03:19:43","slug":"el-gobernador-rechazo-la-renuncia-del-juez-muse-chemes","status":"publish","type":"post","link":"https:\/\/www.revistarescatados.com.ar\/web\/2018\/09\/13\/el-gobernador-rechazo-la-renuncia-del-juez-muse-chemes\/","title":{"rendered":"El gobernador rechaz\u00f3 la renuncia del juez Muse Chemes"},"content":{"rendered":"<p><img loading=\"lazy\" class=\"aligncenter size-full wp-image-1929\" src=\"http:\/\/www.revistarescatados.com.ar\/web\/wp-content\/uploads\/2018\/09\/juez-nicol\u00e1s-musse-chemes.jpg\" alt=\"\" width=\"681\" height=\"511\" srcset=\"https:\/\/www.revistarescatados.com.ar\/web\/wp-content\/uploads\/2018\/09\/juez-nicol\u00e1s-musse-chemes.jpg 681w, https:\/\/www.revistarescatados.com.ar\/web\/wp-content\/uploads\/2018\/09\/juez-nicol\u00e1s-musse-chemes-300x225.jpg 300w\" sizes=\"(max-width: 681px) 100vw, 681px\" \/><\/p>\n<p><span style=\"color: #0000ff;\"><strong>Fue mediante decreto provincial N\u00ba 2451 donde se explica que &#8220;si se aceptase la renuncia, el proceso de enjuiciamiento que se le sigue al doctor Muse Chemes podr\u00eda quedar extinto&#8221;.<\/strong> <\/span><\/p>\n<p>El gobernador Miguel Lifschitz; y el ministro de Justicia y Derechos Humanos, Ricardo Silverstein, rechazaron mediante decreto provincial N\u00ba 2451 la renuncia del juez Muse Chemes. En dicho decreto se explica que &#8220;si se aceptase la renuncia, el proceso de enjuiciamiento que se le sigue al doctor Muse Chemes podr\u00eda quedar extinto&#8221;.<\/p>\n<p>Tambi\u00e9n se\u00f1ala ese decreto que \u201cresulta manifiesto el inter\u00e9s p\u00fablico en que se determinen las responsabilidades en quienes ejercen cargos y funciones de alta trascendencia republicana, lo cual amerita el agotamiento de todas las instancias disciplinarias a la que se encuentran sujetos, de manera tal que la realizaci\u00f3n y culminaci\u00f3n de esas instancias contribuyan a fortalecer la confianza p\u00fablica en el sistema. Como consecuencia de ello y con el objeto de no entorpecer el funcionamiento del Tribunal de Enjuiciamiento de Magistrados en su tan importante labor, debe rechazarse la renuncia presentada por el magistrado&#8221;.<\/p>\n<p>Tienen en cuenta el gobernador y el ministro que la Direcci\u00f3n General de Asuntos Jur\u00eddicos del Ministerio de Justicia y Derechos Humanos ha emitido un dictamen al respecto con fecha 29 de agosto de 2018.<\/p>\n<p>Muse Chemes hab\u00eda presentado su renuncia por escrito el 23 de agosto de este mismo a\u00f1o. La Corte Suprema se la acept\u00f3 r\u00e1pidamente y faltaba la decisi\u00f3n del Poder Ejecutivo.<\/p>\n<p>Muse Chemes tiene pol\u00e9micos fallos vinculados con delitos sexuales, el m\u00e1s notorio porque tuvo repercusi\u00f3n internacional es el que se conoci\u00f3 como el Caso CER, por el cual para evitar una condena internacional, el gobernador acord\u00f3 pedir disculpas en nombre del Estado, ayudar a la v\u00edctima a quien le dieron casa y trabajo, investigar a quienes intervinieron en la causa y capacitar a los integrantes del Poder Judicial para que incorporen una perspectiva de g\u00e9nero, para que no se repitan casos como \u00e9ste.<\/p>\n","protected":false},"excerpt":{"rendered":"<p>Fue mediante decreto provincial N\u00ba 2451 donde se explica que &#8220;si se aceptase la renuncia, el proceso de enjuiciamiento que se le sigue al doctor Muse Chemes podr\u00eda quedar extinto&#8221;. El gobernador&#46;&#46;&#46;<\/p>\n","protected":false},"author":1,"featured_media":1929,"comment_status":"closed","ping_status":"open","sticky":false,"template":"","format":"standard","meta":[],"categories":[10,13,12],"tags":[],"_links":{"self":[{"href":"https:\/\/www.revistarescatados.com.ar\/web\/wp-json\/wp\/v2\/posts\/1928"}],"collection":[{"href":"https:\/\/www.revistarescatados.com.ar\/web\/wp-json\/wp\/v2\/posts"}],"about":[{"href":"https:\/\/www.revistarescatados.com.ar\/web\/wp-json\/wp\/v2\/types\/post"}],"author":[{"embeddable":true,"href":"https:\/\/www.revistarescatados.com.ar\/web\/wp-json\/wp\/v2\/users\/1"}],"replies":[{"embeddable":true,"href":"https:\/\/www.revistarescatados.com.ar\/web\/wp-json\/wp\/v2\/comments?post=1928"}],"version-history":[{"count":1,"href":"https:\/\/www.revistarescatados.com.ar\/web\/wp-json\/wp\/v2\/posts\/1928\/revisions"}],"predecessor-version":[{"id":1930,"href":"https:\/\/www.revistarescatados.com.ar\/web\/wp-json\/wp\/v2\/posts\/1928\/revisions\/1930"}],"wp:featuredmedia":[{"embeddable":true,"href":"https:\/\/www.revistarescatados.com.ar\/web\/wp-json\/wp\/v2\/media\/1929"}],"wp:attachment":[{"href":"https:\/\/www.revistarescatados.com.ar\/web\/wp-json\/wp\/v2\/media?parent=1928"}],"wp:term":[{"taxonomy":"category","embeddable":true,"href":"https:\/\/www.revistarescatados.com.ar\/web\/wp-json\/wp\/v2\/categories?post=1928"},{"taxonomy":"post_tag","embeddable":true,"href":"https:\/\/www.revistarescatados.com.ar\/web\/wp-json\/wp\/v2\/tags?post=1928"}],"curies":[{"name":"wp","href":"https:\/\/api.w.org\/{rel}","templated":true}]}}