{"id":19290,"date":"2023-03-17T22:35:34","date_gmt":"2023-03-18T01:35:34","guid":{"rendered":"https:\/\/www.revistarescatados.com.ar\/web\/?p=19290"},"modified":"2023-03-17T22:35:39","modified_gmt":"2023-03-18T01:35:39","slug":"secuestro-virtual-detuvieron-a-una-pareja-que-estafo-en-9000-dolares-a-una-mujer-de-marcelino-escalada","status":"publish","type":"post","link":"https:\/\/www.revistarescatados.com.ar\/web\/2023\/03\/17\/secuestro-virtual-detuvieron-a-una-pareja-que-estafo-en-9000-dolares-a-una-mujer-de-marcelino-escalada\/","title":{"rendered":"Secuestro virtual: Detuvieron a una pareja que estaf\u00f3 en 9000 d\u00f3lares a una mujer de Marcelino Escalada"},"content":{"rendered":"\n<p><strong><mark style=\"background-color:rgba(0, 0, 0, 0)\" class=\"has-inline-color has-vivid-red-color\"> Los imputados fueron aprehendidos en  Gobernador Crespo tras una persecuci\u00f3n por la ruta nacional 11. La Fiscal\u00eda adelant\u00f3 que el domingo solicitar\u00e1 la prisi\u00f3n preventiva de ambos investigados.<\/mark><\/strong><\/p>\n\n\n\n<figure class=\"wp-block-image size-full is-resized\"><img loading=\"lazy\" src=\"https:\/\/www.revistarescatados.com.ar\/web\/wp-content\/uploads\/2023\/03\/Bv-San-Martin-Marcelino-Escalada.jpg\" alt=\"\" class=\"wp-image-19291\" width=\"683\" height=\"441\" srcset=\"https:\/\/www.revistarescatados.com.ar\/web\/wp-content\/uploads\/2023\/03\/Bv-San-Martin-Marcelino-Escalada.jpg 494w, https:\/\/www.revistarescatados.com.ar\/web\/wp-content\/uploads\/2023\/03\/Bv-San-Martin-Marcelino-Escalada-300x194.jpg 300w\" sizes=\"(max-width: 683px) 100vw, 683px\" \/><\/figure>\n\n\n\n<p>Un hombre de 29 a\u00f1os y una mujer de 26 fueron imputados por haber cometido una estafa por 9.000 d\u00f3lares en la localidad de Marcelino Escalada (departamento San Justo).<\/p>\n\n\n\n<p>La atribuci\u00f3n delictiva fue realizada esta ma\u00f1ana ante el juez de la Investigaci\u00f3n Penal Preparatoria (IPP), Lisandro Aguirre, en una audiencia que se desarroll\u00f3 en los tribunales de la ciudad de Santa Fe.<\/p>\n\n\n\n<p>La Unidad Fiscal San Justo de la Fiscal\u00eda Regional 1 est\u00e1 a cargo de la investigaci\u00f3n. Seg\u00fan se inform\u00f3, las iniciales del hombre y de la mujer imputados son JDR y BER, respectivamente.<\/p>\n\n\n\n<p><strong>Secuestro virtual<\/strong><\/p>\n\n\n\n<p>El MPA se\u00f1al\u00f3 que \u201ca partir de un acuerdo previo, minutos antes de las 4:00 de la madrugada de ayer los imputados cometieron una estafa bajo la modalidad conocida como \u2018secuestro virtual\u2019\u201d.<\/p>\n\n\n\n<p>\u201cLos investigados llamaron al tel\u00e9fono fijo de una casa de calle Maip\u00fa al 500 de Marcelino Escalada y, al ser atendidos por una mujer, le dijeron que hab\u00edan raptado a su hijo\u201d, se afirm\u00f3. \u201cLe aseguraron que lo hab\u00edan golpeado y simularon gatillar un arma de fuego en contra de \u00e9l\u201d, se precis\u00f3.<\/p>\n\n\n\n<p>La Fiscal\u00eda detall\u00f3 que \u201clos atacantes, le exigieron a la v\u00edctima la entrega de 50.000 d\u00f3lares para liberar a su hijo\u201d, y destac\u00f3 que \u201cproducto del enga\u00f1o, ella insisti\u00f3 en que s\u00f3lo contaba con 9.000 d\u00f3lares y los imputados aceptaron su oferta\u201d. Al respecto, se afirm\u00f3 que \u201cle indicaron que colocara el dinero en una bolsa negra adentro de un bolso y lo llevara a la intersecci\u00f3n de boulevard San Mart\u00edn y la ruta nacional 11\u201d.<\/p>\n\n\n\n<p>\u201cLa mujer estafada cumpli\u00f3 la orden de los investigados, quienes llegaron al lugar a bordo de un autom\u00f3vil marca Volkswagen modelo Up, retiraron el bolso y huyeron por la ruta en direcci\u00f3n al norte\u201d, manifest\u00f3 el MPA.<\/p>\n\n\n\n<p><strong>Persecuci\u00f3n<\/strong><\/p>\n\n\n\n<p>En la audiencia tambi\u00e9n se hizo referencia a que \u201cla conducta delictiva fue advertida por agentes policiales\u201d. En tal sentido, se relat\u00f3 que \u201cllevaron a cabo una persecuci\u00f3n por aproximadamente 26 kil\u00f3metros hasta la comuna de Gobernador Crespo, donde los imputados continuaron resisti\u00e9ndose al accionar de los uniformados\u201d.<\/p>\n\n\n\n<p>La Fiscal\u00eda expuso que \u201cfinalmente, los investigados lograron ser aprehendidos\u201d, y agreg\u00f3 que \u201ccon el objetivo de acreditar una falsa identidad, el imputado present\u00f3 ante los polic\u00edas un carnet de conducir a nombre de otra persona\u201d.<\/p>\n\n\n\n<p>Por otro lado, los miembros de la fuerza de seguridad provincial secuestraron el bolso con d\u00f3lares y el autom\u00f3vil utilizado para cometer los hechos il\u00edcitos.<\/p>\n\n\n\n<p><strong>Delitos<\/strong><\/p>\n\n\n\n<p>A los dos imputados se les atribuy\u00f3 la coautor\u00eda de estafa, as\u00ed como de atentado y resistencia a la autoridad. Por su parte, al hombre investigado se le endilg\u00f3 tambi\u00e9n la utilizaci\u00f3n de un documento adulterado para acreditar la habilitaci\u00f3n para circular en un veh\u00edculo automotor.<\/p>\n\n\n\n<p><strong>Prisi\u00f3n preventiva<\/strong><\/p>\n\n\n\n<p>De acuerdo con lo agendado por la Oficina de Gesti\u00f3n Judicial (OGJ) de los tribunales de la capital provincial, el pr\u00f3ximo domingo se realizar\u00e1 la audiencia en la que se debatir\u00e1n las medidas cautelares. En tanto, la Fiscal\u00eda adelant\u00f3 que solicitar\u00e1 que ambos investigados transiten el proceso judicial en prisi\u00f3n preventiva.<\/p>\n","protected":false},"excerpt":{"rendered":"<p>Los imputados fueron aprehendidos en Gobernador Crespo tras una persecuci\u00f3n por la ruta nacional 11. La Fiscal\u00eda adelant\u00f3 que el domingo solicitar\u00e1 la prisi\u00f3n preventiva de ambos investigados. Un hombre de 29&#46;&#46;&#46;<\/p>\n","protected":false},"author":1,"featured_media":19291,"comment_status":"closed","ping_status":"closed","sticky":false,"template":"","format":"standard","meta":[],"categories":[4,16,11,8],"tags":[],"_links":{"self":[{"href":"https:\/\/www.revistarescatados.com.ar\/web\/wp-json\/wp\/v2\/posts\/19290"}],"collection":[{"href":"https:\/\/www.revistarescatados.com.ar\/web\/wp-json\/wp\/v2\/posts"}],"about":[{"href":"https:\/\/www.revistarescatados.com.ar\/web\/wp-json\/wp\/v2\/types\/post"}],"author":[{"embeddable":true,"href":"https:\/\/www.revistarescatados.com.ar\/web\/wp-json\/wp\/v2\/users\/1"}],"replies":[{"embeddable":true,"href":"https:\/\/www.revistarescatados.com.ar\/web\/wp-json\/wp\/v2\/comments?post=19290"}],"version-history":[{"count":1,"href":"https:\/\/www.revistarescatados.com.ar\/web\/wp-json\/wp\/v2\/posts\/19290\/revisions"}],"predecessor-version":[{"id":19292,"href":"https:\/\/www.revistarescatados.com.ar\/web\/wp-json\/wp\/v2\/posts\/19290\/revisions\/19292"}],"wp:featuredmedia":[{"embeddable":true,"href":"https:\/\/www.revistarescatados.com.ar\/web\/wp-json\/wp\/v2\/media\/19291"}],"wp:attachment":[{"href":"https:\/\/www.revistarescatados.com.ar\/web\/wp-json\/wp\/v2\/media?parent=19290"}],"wp:term":[{"taxonomy":"category","embeddable":true,"href":"https:\/\/www.revistarescatados.com.ar\/web\/wp-json\/wp\/v2\/categories?post=19290"},{"taxonomy":"post_tag","embeddable":true,"href":"https:\/\/www.revistarescatados.com.ar\/web\/wp-json\/wp\/v2\/tags?post=19290"}],"curies":[{"name":"wp","href":"https:\/\/api.w.org\/{rel}","templated":true}]}}