{"id":19336,"date":"2023-03-23T00:44:52","date_gmt":"2023-03-23T03:44:52","guid":{"rendered":"https:\/\/www.revistarescatados.com.ar\/web\/?p=19336"},"modified":"2023-03-23T00:44:59","modified_gmt":"2023-03-23T03:44:59","slug":"una-vaca-suelta-casi-ocasiono-una-tragedia-sobre-la-ruta-11","status":"publish","type":"post","link":"https:\/\/www.revistarescatados.com.ar\/web\/2023\/03\/23\/una-vaca-suelta-casi-ocasiono-una-tragedia-sobre-la-ruta-11\/","title":{"rendered":"Una vaca suelta casi ocasion\u00f3 una tragedia sobre la ruta 11"},"content":{"rendered":"\n<p><br><strong><mark style=\"background-color:rgba(0, 0, 0, 0)\" class=\"has-inline-color has-vivid-red-color\">Personal de la secci\u00f3n N\u00ba 7 DGSR Los Pumas Calchaqu\u00ed, actu\u00f3 en el siniestro vial de un colectivo El Pulqui con 34 pasajeros a bordo y la intervenci\u00f3n de una vaquillona que result\u00f3 muerta. <\/mark><\/strong><\/p>\n\n\n\n<figure class=\"wp-block-image size-full is-resized\"><img loading=\"lazy\" src=\"https:\/\/www.revistarescatados.com.ar\/web\/wp-content\/uploads\/2023\/03\/micro-siniestrado.jpg\" alt=\"\" class=\"wp-image-19337\" width=\"684\" height=\"734\" srcset=\"https:\/\/www.revistarescatados.com.ar\/web\/wp-content\/uploads\/2023\/03\/micro-siniestrado.jpg 571w, https:\/\/www.revistarescatados.com.ar\/web\/wp-content\/uploads\/2023\/03\/micro-siniestrado-279x300.jpg 279w\" sizes=\"(max-width: 684px) 100vw, 684px\" \/><figcaption><strong><em>As\u00ed qued\u00f3 el colectivo tras la colisi\u00f3n<\/em><\/strong><\/figcaption><\/figure>\n\n\n\n<p><br>Personal de esa seccional tom\u00f3 intervenci\u00f3n en accidente de tr\u00e1nsito sobre Ruta Nacional N\u00ba 11, km 656. Un micro MARCA VOLVO, de la Empresa &#8220;EL PULQUI SRL INTERNO 58, con 34 pasajeros a bordo, conducido por un ciudadano domiciliado Corrientes Capital, colision\u00f3 con una vaquillona de pelaje negro la cual quedo sin vida sobre banquina de la  ruta.<\/p>\n\n\n\n<p> Producto del siniestro no resultaron personas lesionadas. Con respecto al animal procedieron al secuestro preventivo de lonja con estampe de marca a fuego y sus dos orejas con respectivas se\u00f1ales en sus pabellones.<\/p>\n\n\n\n<p>As\u00ed se logr\u00f3 establecer el propietario del semoviente, a quien se mand\u00f3 comparecer a despacho y se le formul\u00f3 causa por \u201cInfracci\u00f3n al Art. 98 (Omisi\u00f3n de Custodia de Animales) Ley Prov. 13.374\u201d continuando en estado de libertad. Interviene el MPA San Justo.<\/p>\n","protected":false},"excerpt":{"rendered":"<p>Personal de la secci\u00f3n N\u00ba 7 DGSR Los Pumas Calchaqu\u00ed, actu\u00f3 en el siniestro vial de un colectivo El Pulqui con 34 pasajeros a bordo y la intervenci\u00f3n de una vaquillona que&#46;&#46;&#46;<\/p>\n","protected":false},"author":1,"featured_media":19337,"comment_status":"closed","ping_status":"closed","sticky":false,"template":"","format":"standard","meta":[],"categories":[2,4,16,11],"tags":[],"_links":{"self":[{"href":"https:\/\/www.revistarescatados.com.ar\/web\/wp-json\/wp\/v2\/posts\/19336"}],"collection":[{"href":"https:\/\/www.revistarescatados.com.ar\/web\/wp-json\/wp\/v2\/posts"}],"about":[{"href":"https:\/\/www.revistarescatados.com.ar\/web\/wp-json\/wp\/v2\/types\/post"}],"author":[{"embeddable":true,"href":"https:\/\/www.revistarescatados.com.ar\/web\/wp-json\/wp\/v2\/users\/1"}],"replies":[{"embeddable":true,"href":"https:\/\/www.revistarescatados.com.ar\/web\/wp-json\/wp\/v2\/comments?post=19336"}],"version-history":[{"count":1,"href":"https:\/\/www.revistarescatados.com.ar\/web\/wp-json\/wp\/v2\/posts\/19336\/revisions"}],"predecessor-version":[{"id":19338,"href":"https:\/\/www.revistarescatados.com.ar\/web\/wp-json\/wp\/v2\/posts\/19336\/revisions\/19338"}],"wp:featuredmedia":[{"embeddable":true,"href":"https:\/\/www.revistarescatados.com.ar\/web\/wp-json\/wp\/v2\/media\/19337"}],"wp:attachment":[{"href":"https:\/\/www.revistarescatados.com.ar\/web\/wp-json\/wp\/v2\/media?parent=19336"}],"wp:term":[{"taxonomy":"category","embeddable":true,"href":"https:\/\/www.revistarescatados.com.ar\/web\/wp-json\/wp\/v2\/categories?post=19336"},{"taxonomy":"post_tag","embeddable":true,"href":"https:\/\/www.revistarescatados.com.ar\/web\/wp-json\/wp\/v2\/tags?post=19336"}],"curies":[{"name":"wp","href":"https:\/\/api.w.org\/{rel}","templated":true}]}}