{"id":1938,"date":"2018-09-14T01:13:13","date_gmt":"2018-09-14T04:13:13","guid":{"rendered":"http:\/\/www.revistarescatados.com.ar\/web\/?p=1938"},"modified":"2018-09-14T01:13:13","modified_gmt":"2018-09-14T04:13:13","slug":"llega-un-norte-en-comun-a-la-ciudad-de-vera","status":"publish","type":"post","link":"https:\/\/www.revistarescatados.com.ar\/web\/2018\/09\/14\/llega-un-norte-en-comun-a-la-ciudad-de-vera\/","title":{"rendered":"Llega \u201cUn norte en com\u00fan\u201d a la ciudad de Vera"},"content":{"rendered":"<p><img loading=\"lazy\" class=\"aligncenter size-full wp-image-1939\" src=\"http:\/\/www.revistarescatados.com.ar\/web\/wp-content\/uploads\/2018\/09\/Afiche-Un-Norte-en-Com\u00fan.png\" alt=\"\" width=\"912\" height=\"1280\" srcset=\"https:\/\/www.revistarescatados.com.ar\/web\/wp-content\/uploads\/2018\/09\/Afiche-Un-Norte-en-Com\u00fan.png 912w, https:\/\/www.revistarescatados.com.ar\/web\/wp-content\/uploads\/2018\/09\/Afiche-Un-Norte-en-Com\u00fan-214x300.png 214w, https:\/\/www.revistarescatados.com.ar\/web\/wp-content\/uploads\/2018\/09\/Afiche-Un-Norte-en-Com\u00fan-768x1078.png 768w, https:\/\/www.revistarescatados.com.ar\/web\/wp-content\/uploads\/2018\/09\/Afiche-Un-Norte-en-Com\u00fan-730x1024.png 730w\" sizes=\"(max-width: 912px) 100vw, 912px\" \/><\/p>\n<p><span style=\"color: #0000ff;\"><strong>El encuentro gratuito destinado a gobiernos locales, organizaciones sociales, emprendedores y p\u00fablico en general, organizado por el Plan del Norte del Gobierno de Santa Fe y el Consejo Federal de Inversiones, se llevar\u00e1 a cabo el pr\u00f3ximo martes 18 de septiembre, de 14.30 a 20.30 horas, en el Club Ferrocarril de Vera, sito en calle Rosario 2028.<\/strong><\/span><\/p>\n<p>\u201cA lo largo de los a\u00f1os, siempre hemos escuchado que cuando se habla del norte santafesino, se hace alusi\u00f3n a una regi\u00f3n relegada en t\u00e9rminos de desarrollo respecto del centro-sur provincial, y tambi\u00e9n olvidada y postergada por los sucesivos gobiernos\u201d, comenz\u00f3 diciendo Sergio Rojas.<\/p>\n<p>El coordinador del Plan del Norte, prosigui\u00f3 argumentando que \u201cestas perspectivas tienen un fundamento hist\u00f3rico, con datos que lo respaldan, pero tambi\u00e9n un componente simb\u00f3lico, que entendemos fundamental comenzar a cuestionar para el impulso del desarrollo regional. Por eso, desde Plan del Norte, m\u00e1s all\u00e1 de las grandes obras y programas que estamos impulsando en el norte, tambi\u00e9n creemos importante modificar estos r\u00f3tulos estigmatizantes y empezar a pensarnos como comunidad desde otro lugar, generando nuevas perspectivas, y fomentando la iniciativa, la creatividad, la innovaci\u00f3n y el impulso emprendedor de los habitantes\u201d.<\/p>\n<p>Rojas explic\u00f3 que \u201cen ese marco nace el ciclo de conferencias denominada \u2018Un Norte en Com\u00fan, ideas innovadoras para el arraigo y el desarrollo\u2019 que realizaremos de la mano del Consejo Federal de Inversiones. Convocamos a una serie de disertantes con vasta trayectoria en materia de asociativismo, emprendedurismo, liderazgo y logros a partir del trabajo colectivo, para que desde su experiencia, inspiren cambios y transformaciones en aquellos que asisten, para que se conviertan en protagonistas del entorno que habitan\u201d.<\/p>\n<p>El evento contar\u00e1 con la presencia de ministros y secretarios del gobierno provincial, quienes moderar\u00e1n las diversas exposiciones que suceder\u00e1n el martes 18 de septiembre, en el Club Ferrocarril de Vera, desde las 14.30 hasta 20.30 horas.<\/p>\n<p>La entrada ha sido libre y gratuita, habi\u00e9ndose utilizado un sistema de inscripci\u00f3n online, puesto que los cupos fueron limitados para 600 personas.<\/p>\n<p>DISERTACIONES<\/p>\n<p>Delfina Irazusta, directora ejecutiva de Red de Innovaci\u00f3n Local, asociaci\u00f3n civil que trabaja para mejorar las capacidades de gesti\u00f3n de los gobiernos locales, hablar\u00e1 sobre \u201c\u00bfC\u00f3mo convertir a los municipios y comunas en l\u00edderes del desarrollo local?\u201d.<\/p>\n<p>Nicol\u00e1s Della Rosa, gerente comercial de La Uni\u00f3n del Norte, empresa del norte santafesino con 25 a\u00f1os de trayectoria y crecimiento, expondr\u00e1 acerca de los \u201cDesaf\u00edos y oportunidades en el desarrollo de las econom\u00edas regionales y el asociativismo\u201d.<\/p>\n<p>Rosario Quispe, candidata al Premio Nobel de la Paz y fundadora de Warmi Sayajsunqo, asociaci\u00f3n civil que transform\u00f3 las condiciones de vida en la puna juje\u00f1a, disertar\u00e1 sobre \u201cNo hay l\u00edmites para so\u00f1ar\u201d.<\/p>\n<p>Gast\u00f3n Ar\u00f3stegui, gerente de Hilander\u00eda Warmi, emprendimiento social donde conviven lo ancestral y natural con las modernas herramientas del \u00e1mbito empresarial, disertar\u00e1 acerca de la \u201cTradici\u00f3n e innovaci\u00f3n al servicio del desarrollo local\u201d.<\/p>\n<p>Y Dar\u00edo Sztajnszrajber, fil\u00f3sofo y docente, que actualmente se presenta como el m\u00e1ximo exponente del sentido pr\u00e1ctico de la filosof\u00eda en radio, televisi\u00f3n, teatro y medios gr\u00e1ficos, brindar\u00e1 una charla llamada \u201c\u00bfQui\u00e9nes somos? La identidad en deconstrucci\u00f3n\u201d.<\/p>\n","protected":false},"excerpt":{"rendered":"<p>El encuentro gratuito destinado a gobiernos locales, organizaciones sociales, emprendedores y p\u00fablico en general, organizado por el Plan del Norte del Gobierno de Santa Fe y el Consejo Federal de Inversiones, se&#46;&#46;&#46;<\/p>\n","protected":false},"author":1,"featured_media":1939,"comment_status":"closed","ping_status":"open","sticky":false,"template":"","format":"standard","meta":[],"categories":[3,10,14,8],"tags":[],"_links":{"self":[{"href":"https:\/\/www.revistarescatados.com.ar\/web\/wp-json\/wp\/v2\/posts\/1938"}],"collection":[{"href":"https:\/\/www.revistarescatados.com.ar\/web\/wp-json\/wp\/v2\/posts"}],"about":[{"href":"https:\/\/www.revistarescatados.com.ar\/web\/wp-json\/wp\/v2\/types\/post"}],"author":[{"embeddable":true,"href":"https:\/\/www.revistarescatados.com.ar\/web\/wp-json\/wp\/v2\/users\/1"}],"replies":[{"embeddable":true,"href":"https:\/\/www.revistarescatados.com.ar\/web\/wp-json\/wp\/v2\/comments?post=1938"}],"version-history":[{"count":1,"href":"https:\/\/www.revistarescatados.com.ar\/web\/wp-json\/wp\/v2\/posts\/1938\/revisions"}],"predecessor-version":[{"id":1940,"href":"https:\/\/www.revistarescatados.com.ar\/web\/wp-json\/wp\/v2\/posts\/1938\/revisions\/1940"}],"wp:featuredmedia":[{"embeddable":true,"href":"https:\/\/www.revistarescatados.com.ar\/web\/wp-json\/wp\/v2\/media\/1939"}],"wp:attachment":[{"href":"https:\/\/www.revistarescatados.com.ar\/web\/wp-json\/wp\/v2\/media?parent=1938"}],"wp:term":[{"taxonomy":"category","embeddable":true,"href":"https:\/\/www.revistarescatados.com.ar\/web\/wp-json\/wp\/v2\/categories?post=1938"},{"taxonomy":"post_tag","embeddable":true,"href":"https:\/\/www.revistarescatados.com.ar\/web\/wp-json\/wp\/v2\/tags?post=1938"}],"curies":[{"name":"wp","href":"https:\/\/api.w.org\/{rel}","templated":true}]}}