{"id":19481,"date":"2023-04-10T23:00:21","date_gmt":"2023-04-11T02:00:21","guid":{"rendered":"https:\/\/www.revistarescatados.com.ar\/web\/?p=19481"},"modified":"2023-04-10T23:00:24","modified_gmt":"2023-04-11T02:00:24","slug":"aportes-de-fortalecimiento-institucional-entregaron-en-calchaqui","status":"publish","type":"post","link":"https:\/\/www.revistarescatados.com.ar\/web\/2023\/04\/10\/aportes-de-fortalecimiento-institucional-entregaron-en-calchaqui\/","title":{"rendered":"Aportes de fortalecimiento institucional entregaron en Calchaqu\u00ed"},"content":{"rendered":"\n<p><strong><mark style=\"background-color:rgba(0, 0, 0, 0)\" class=\"has-inline-color has-vivid-red-color\">El senador provincial Osvaldo Sosa, junto al intendente Rub\u00e9n Cuello, hizo entrega de fondos a siete entidades de bien p\u00fablico, como lo son escuelas, iglesias, vecinal y grupo deportivo.<\/mark><\/strong><\/p>\n\n\n\n<figure class=\"wp-block-image size-large\"><img loading=\"lazy\" width=\"1024\" height=\"461\" src=\"https:\/\/www.revistarescatados.com.ar\/web\/wp-content\/uploads\/2023\/04\/entrega-de-subsidios-1024x461.jpg\" alt=\"\" class=\"wp-image-19482\" srcset=\"https:\/\/www.revistarescatados.com.ar\/web\/wp-content\/uploads\/2023\/04\/entrega-de-subsidios-1024x461.jpg 1024w, https:\/\/www.revistarescatados.com.ar\/web\/wp-content\/uploads\/2023\/04\/entrega-de-subsidios-300x135.jpg 300w, https:\/\/www.revistarescatados.com.ar\/web\/wp-content\/uploads\/2023\/04\/entrega-de-subsidios-768x346.jpg 768w, https:\/\/www.revistarescatados.com.ar\/web\/wp-content\/uploads\/2023\/04\/entrega-de-subsidios-1536x691.jpg 1536w, https:\/\/www.revistarescatados.com.ar\/web\/wp-content\/uploads\/2023\/04\/entrega-de-subsidios.jpg 1600w\" sizes=\"(max-width: 1024px) 100vw, 1024px\" \/><\/figure>\n\n\n\n<p><br>El acto se realiz\u00f3 en la ma\u00f1ana del lunes 10 de abril en la sede municipal. Ante referentes institucionales, hizo uso de la palabra el intendente Rub\u00e9n Cuello y el senador provincial Osvaldo Sosa.<\/p>\n\n\n\n<p><br>Las entidades que recibieron aportes de fortalecimiento institucional de la C\u00e1mara de Senadores fueron:<br>\u25aa\ufe0fEscuela de Educaci\u00f3n Secundaria Orientada  N\u00ba 233 &#8220;Prof. Juan Octavio Gauna&#8221;<br>\u25aa\ufe0fEscuela de Educaci\u00f3n T\u00e9cnica Profesional N\u00ba 642 &#8220;Mercedes San Mart\u00edn de Balcarce&#8221;<br>\u25aa\ufe0fEscuela primaria para adultos N\u00ba 2583 &#8220;Alfonsina Storni&#8221; <br>\u25aa\ufe0f Asociaci\u00f3n Vecinal San Jos\u00e9 Obrero<br>\u25aa\ufe0fAsociaci\u00f3n Evang\u00e9lica Filadelfia<br>\u25aa\ufe0fIglesia &#8220;Una voz de esperanza en la ciudad&#8221;<br>\u25aa\ufe0fClub V\u00f3ley Calchaqu\u00ed recibi\u00f3 indumentaria y bandera<\/p>\n\n\n\n<iframe loading=\"lazy\" src=\"https:\/\/www.facebook.com\/plugins\/post.php?href=https%3A%2F%2Fwww.facebook.com%2Fpermalink.php%3Fstory_fbid%3Dpfbid0poycygcJ6imDx56P2JGeyh8tbKtNEKwaJ7RkK1nvaHd1JEFbTUzr1Ra8FZTpbF5Bl%26id%3D100063645937298&#038;show_text=true&#038;width=500\" width=\"500\" height=\"1067\" style=\"border:none;overflow:hidden\" scrolling=\"no\" frameborder=\"0\" allowfullscreen=\"true\" allow=\"autoplay; clipboard-write; encrypted-media; picture-in-picture; web-share\"><\/iframe>\n","protected":false},"excerpt":{"rendered":"<p>El senador provincial Osvaldo Sosa, junto al intendente Rub\u00e9n Cuello, hizo entrega de fondos a siete entidades de bien p\u00fablico, como lo son escuelas, iglesias, vecinal y grupo deportivo. El acto se&#46;&#46;&#46;<\/p>\n","protected":false},"author":1,"featured_media":19482,"comment_status":"closed","ping_status":"closed","sticky":false,"template":"","format":"standard","meta":[],"categories":[2,3,16,10,8],"tags":[],"_links":{"self":[{"href":"https:\/\/www.revistarescatados.com.ar\/web\/wp-json\/wp\/v2\/posts\/19481"}],"collection":[{"href":"https:\/\/www.revistarescatados.com.ar\/web\/wp-json\/wp\/v2\/posts"}],"about":[{"href":"https:\/\/www.revistarescatados.com.ar\/web\/wp-json\/wp\/v2\/types\/post"}],"author":[{"embeddable":true,"href":"https:\/\/www.revistarescatados.com.ar\/web\/wp-json\/wp\/v2\/users\/1"}],"replies":[{"embeddable":true,"href":"https:\/\/www.revistarescatados.com.ar\/web\/wp-json\/wp\/v2\/comments?post=19481"}],"version-history":[{"count":1,"href":"https:\/\/www.revistarescatados.com.ar\/web\/wp-json\/wp\/v2\/posts\/19481\/revisions"}],"predecessor-version":[{"id":19483,"href":"https:\/\/www.revistarescatados.com.ar\/web\/wp-json\/wp\/v2\/posts\/19481\/revisions\/19483"}],"wp:featuredmedia":[{"embeddable":true,"href":"https:\/\/www.revistarescatados.com.ar\/web\/wp-json\/wp\/v2\/media\/19482"}],"wp:attachment":[{"href":"https:\/\/www.revistarescatados.com.ar\/web\/wp-json\/wp\/v2\/media?parent=19481"}],"wp:term":[{"taxonomy":"category","embeddable":true,"href":"https:\/\/www.revistarescatados.com.ar\/web\/wp-json\/wp\/v2\/categories?post=19481"},{"taxonomy":"post_tag","embeddable":true,"href":"https:\/\/www.revistarescatados.com.ar\/web\/wp-json\/wp\/v2\/tags?post=19481"}],"curies":[{"name":"wp","href":"https:\/\/api.w.org\/{rel}","templated":true}]}}