{"id":19557,"date":"2023-04-19T16:36:51","date_gmt":"2023-04-19T19:36:51","guid":{"rendered":"https:\/\/www.revistarescatados.com.ar\/web\/?p=19557"},"modified":"2023-04-19T16:36:58","modified_gmt":"2023-04-19T19:36:58","slug":"planifican-ripiado-para-caminos-de-la-cuenca-lechera-de-calchaqui","status":"publish","type":"post","link":"https:\/\/www.revistarescatados.com.ar\/web\/2023\/04\/19\/planifican-ripiado-para-caminos-de-la-cuenca-lechera-de-calchaqui\/","title":{"rendered":"Planifican ripiado para caminos de la cuenca lechera de Calchaqu\u00ed"},"content":{"rendered":"\n<p><strong><mark style=\"background-color:rgba(0, 0, 0, 0)\" class=\"has-inline-color has-vivid-red-color\">Se realiz\u00f3 una reuni\u00f3n de productores lecheros junto a funcionarios locales y provinciales para definir una obra de ripiado de caminos rurales que beneficiar\u00e1 a la producci\u00f3n de unos 6 tambos del distrito. Adem\u00e1s se espera conformar una mesa l\u00e1ctea local y sumar a entidades ligadas al sector.<\/mark><\/strong><\/p>\n\n\n\n<p><br>Este mi\u00e9rcoles 19 de abril, en la sede municipal se llevo a cabo una reuni\u00f3n con productores lecheros del distrito. Particip\u00f3 el intendente Rub\u00e9n Cuello, el senador provincial Osvaldo Sosa, el subsecretario de Infraestructura Rural del Ministerio de Producci\u00f3n Mat\u00edas Giorgetti, la secretaria de la producci\u00f3n municipal CPN Mar\u00eda Paula Ferreyra, la presidente del HCM Milca Garavaglia, el concejal Mart\u00edn Perello y el dirigente Fabi\u00e1n Couvert.<\/p>\n\n\n\n<p> Adem\u00e1s formaron parte los productores Diego Vicent\u00edn Rub\u00e9n Vicent\u00edn, Nilda Zamirre, Mariano Brussa, Mario Vicentin y  Fabricio Dallia, referente de la industria l\u00e1ctea.<\/p>\n\n\n\n<figure class=\"wp-block-image size-large\"><img loading=\"lazy\" width=\"1024\" height=\"545\" src=\"https:\/\/www.revistarescatados.com.ar\/web\/wp-content\/uploads\/2023\/04\/Sosa-en-Calchaqui-1-1024x545.jpg\" alt=\"\" class=\"wp-image-19558\" srcset=\"https:\/\/www.revistarescatados.com.ar\/web\/wp-content\/uploads\/2023\/04\/Sosa-en-Calchaqui-1-1024x545.jpg 1024w, https:\/\/www.revistarescatados.com.ar\/web\/wp-content\/uploads\/2023\/04\/Sosa-en-Calchaqui-1-300x160.jpg 300w, https:\/\/www.revistarescatados.com.ar\/web\/wp-content\/uploads\/2023\/04\/Sosa-en-Calchaqui-1-768x409.jpg 768w, https:\/\/www.revistarescatados.com.ar\/web\/wp-content\/uploads\/2023\/04\/Sosa-en-Calchaqui-1.jpg 1146w\" sizes=\"(max-width: 1024px) 100vw, 1024px\" \/><\/figure>\n\n\n\n<p><br>Hace unos meses se habilitaron los primeros 8 kil\u00f3metros del programa provincial &#8220;Los caminos de la ruralidad&#8221;, que significaron el ripiado hasta la escuela de Colonia La Angelita. Adem\u00e1s ya est\u00e1 en una etapa final el ripiado de 22 kil\u00f3metros del camino hacia el Complejo tur\u00edstico de la laguna El Cristal.<\/p>\n\n\n\n<p><br>Este a\u00f1o se presentaron 3 expedientes para nuevos ripiados de caminos rurales en el distrito Calchaqu\u00ed, pero se defini\u00f3 darle curso a la cuenca lechera que produce diariamente entre 12 a 15 mil litros y que genera un aporte anual de 100 millones de pesos al estado. La obra beneficiar\u00e1 a 6 tambos, cuya producci\u00f3n es industrializada en la firma Tregar.<\/p>\n\n\n\n<figure class=\"wp-block-image size-full\"><img loading=\"lazy\" width=\"732\" height=\"487\" src=\"https:\/\/www.revistarescatados.com.ar\/web\/wp-content\/uploads\/2023\/04\/Sosa-en-Calchaqui.jpg\" alt=\"\" class=\"wp-image-19559\" srcset=\"https:\/\/www.revistarescatados.com.ar\/web\/wp-content\/uploads\/2023\/04\/Sosa-en-Calchaqui.jpg 732w, https:\/\/www.revistarescatados.com.ar\/web\/wp-content\/uploads\/2023\/04\/Sosa-en-Calchaqui-300x200.jpg 300w\" sizes=\"(max-width: 732px) 100vw, 732px\" \/><\/figure>\n\n\n\n<p><br>Por su parte, el senador Osvaldo Sosa destac\u00f3 que la idea primigenia del gobierno de Omar Perotti es generar infraestructura para la producci\u00f3n y fomentar el arraigo. Asimismo destac\u00f3 la obra de conectividad con fibra \u00f3ptica que lleva adelante la provincia y la pronta inauguraci\u00f3n del servicio de terapia intensiva en el hospital de Vera, entre otras cuestiones.<\/p>\n","protected":false},"excerpt":{"rendered":"<p>Se realiz\u00f3 una reuni\u00f3n de productores lecheros junto a funcionarios locales y provinciales para definir una obra de ripiado de caminos rurales que beneficiar\u00e1 a la producci\u00f3n de unos 6 tambos del&#46;&#46;&#46;<\/p>\n","protected":false},"author":1,"featured_media":19559,"comment_status":"closed","ping_status":"closed","sticky":false,"template":"","format":"standard","meta":[],"categories":[2,3,16,8],"tags":[],"_links":{"self":[{"href":"https:\/\/www.revistarescatados.com.ar\/web\/wp-json\/wp\/v2\/posts\/19557"}],"collection":[{"href":"https:\/\/www.revistarescatados.com.ar\/web\/wp-json\/wp\/v2\/posts"}],"about":[{"href":"https:\/\/www.revistarescatados.com.ar\/web\/wp-json\/wp\/v2\/types\/post"}],"author":[{"embeddable":true,"href":"https:\/\/www.revistarescatados.com.ar\/web\/wp-json\/wp\/v2\/users\/1"}],"replies":[{"embeddable":true,"href":"https:\/\/www.revistarescatados.com.ar\/web\/wp-json\/wp\/v2\/comments?post=19557"}],"version-history":[{"count":1,"href":"https:\/\/www.revistarescatados.com.ar\/web\/wp-json\/wp\/v2\/posts\/19557\/revisions"}],"predecessor-version":[{"id":19560,"href":"https:\/\/www.revistarescatados.com.ar\/web\/wp-json\/wp\/v2\/posts\/19557\/revisions\/19560"}],"wp:featuredmedia":[{"embeddable":true,"href":"https:\/\/www.revistarescatados.com.ar\/web\/wp-json\/wp\/v2\/media\/19559"}],"wp:attachment":[{"href":"https:\/\/www.revistarescatados.com.ar\/web\/wp-json\/wp\/v2\/media?parent=19557"}],"wp:term":[{"taxonomy":"category","embeddable":true,"href":"https:\/\/www.revistarescatados.com.ar\/web\/wp-json\/wp\/v2\/categories?post=19557"},{"taxonomy":"post_tag","embeddable":true,"href":"https:\/\/www.revistarescatados.com.ar\/web\/wp-json\/wp\/v2\/tags?post=19557"}],"curies":[{"name":"wp","href":"https:\/\/api.w.org\/{rel}","templated":true}]}}