{"id":19561,"date":"2023-04-19T23:34:52","date_gmt":"2023-04-20T02:34:52","guid":{"rendered":"https:\/\/www.revistarescatados.com.ar\/web\/?p=19561"},"modified":"2023-04-19T23:34:57","modified_gmt":"2023-04-20T02:34:57","slug":"con-una-bicicleteada-e-implantacion-de-un-ceibo-se-inauguro-la-calle-recreativa-de-calchaqui","status":"publish","type":"post","link":"https:\/\/www.revistarescatados.com.ar\/web\/2023\/04\/19\/con-una-bicicleteada-e-implantacion-de-un-ceibo-se-inauguro-la-calle-recreativa-de-calchaqui\/","title":{"rendered":"Con una bicicleteada e implantaci\u00f3n de un ceibo, se inaugur\u00f3 la Calle Recreativa de Calchaqu\u00ed"},"content":{"rendered":"\n<p><br><mark style=\"background-color:rgba(0, 0, 0, 0)\" class=\"has-inline-color has-vivid-red-color\"><strong>Como parte del lanzamiento del Programa de Movilidad Sustentable, se entregaron bicicletas a instituciones educativas locales.<\/strong> <strong>Asimismo se habilit\u00f3 un espacio con infraestructura especial en el Parque Prensa para las ferias de artesanos y emprendedores.<\/strong><\/mark><\/p>\n\n\n\n<figure class=\"wp-block-image size-large\"><img loading=\"lazy\" width=\"1024\" height=\"682\" src=\"https:\/\/www.revistarescatados.com.ar\/web\/wp-content\/uploads\/2023\/04\/implantacion-del-ceibo-1024x682.jpg\" alt=\"\" class=\"wp-image-19562\" srcset=\"https:\/\/www.revistarescatados.com.ar\/web\/wp-content\/uploads\/2023\/04\/implantacion-del-ceibo-1024x682.jpg 1024w, https:\/\/www.revistarescatados.com.ar\/web\/wp-content\/uploads\/2023\/04\/implantacion-del-ceibo-300x200.jpg 300w, https:\/\/www.revistarescatados.com.ar\/web\/wp-content\/uploads\/2023\/04\/implantacion-del-ceibo-768x512.jpg 768w, https:\/\/www.revistarescatados.com.ar\/web\/wp-content\/uploads\/2023\/04\/implantacion-del-ceibo.jpg 1280w\" sizes=\"(max-width: 1024px) 100vw, 1024px\" \/><\/figure>\n\n\n\n<p>En el marco del lanzamiento del programa municipal de Movilidad sustentable de la Secretaria de Medioambiente, este mi\u00e9rcoles 19 de abril se habilit\u00f3 la calle recreativa en el Parque Prensa, ubicada sobre  25 de Mayo entre San Mart\u00edn y A P Justo. <\/p>\n\n\n\n<iframe loading=\"lazy\" src=\"https:\/\/www.facebook.com\/plugins\/post.php?href=https%3A%2F%2Fweb.facebook.com%2Fpermalink.php%3Fstory_fbid%3Dpfbid02cUDaPmDLNUEQAmptLdQEBrK4X7iiN2cDTvWPLMi7XWEMHRfCEYuEcv5hPyVT8kJYl%26id%3D100063645937298&#038;show_text=true&#038;width=500\" width=\"500\" height=\"250\" style=\"border:none;overflow:hidden\" scrolling=\"no\" frameborder=\"0\" allowfullscreen=\"true\" allow=\"autoplay; clipboard-write; encrypted-media; picture-in-picture; web-share\"><\/iframe>\n\n\n\n<p><br>Del acto participaron jardines de infantes, escuelas primarias y las Fundaciones MR y Luminares, adem\u00e1s hubo palabras del intendente Rub\u00e9n Cuello y Mariana Salvador, subdirectora de Movilidad Activa. Adem\u00e1s participaron miembros del gabinete municipal, el Concejo Municipal y entidades intermedias.<\/p>\n\n\n\n<p>Entre las actividades, se implant\u00f3 un ejemplar de ceibo, nuestra flor nacional, en el ingreso al flamante espacio. Junto a ciclistas locales, los alumnos de las distintas escuelas realizaron una bicicleteada.<\/p>\n\n\n\n<iframe loading=\"lazy\" src=\"https:\/\/www.facebook.com\/plugins\/post.php?href=https%3A%2F%2Fweb.facebook.com%2Fpermalink.php%3Fstory_fbid%3Dpfbid02wq7hpq39hpCZSaKmHYRNQwbVkoEPa1s8UP1rHGgBWQbnm4wNL6qgXVgdadmr4hXwl%26id%3D100063645937298&#038;show_text=true&#038;width=500\" width=\"500\" height=\"250\" style=\"border:none;overflow:hidden\" scrolling=\"no\" frameborder=\"0\" allowfullscreen=\"true\" allow=\"autoplay; clipboard-write; encrypted-media; picture-in-picture; web-share\"><\/iframe>\n","protected":false},"excerpt":{"rendered":"<p>Como parte del lanzamiento del Programa de Movilidad Sustentable, se entregaron bicicletas a instituciones educativas locales. Asimismo se habilit\u00f3 un espacio con infraestructura especial en el Parque Prensa para las ferias de&#46;&#46;&#46;<\/p>\n","protected":false},"author":1,"featured_media":19562,"comment_status":"closed","ping_status":"closed","sticky":false,"template":"","format":"standard","meta":[],"categories":[2,7,3,16,8],"tags":[],"_links":{"self":[{"href":"https:\/\/www.revistarescatados.com.ar\/web\/wp-json\/wp\/v2\/posts\/19561"}],"collection":[{"href":"https:\/\/www.revistarescatados.com.ar\/web\/wp-json\/wp\/v2\/posts"}],"about":[{"href":"https:\/\/www.revistarescatados.com.ar\/web\/wp-json\/wp\/v2\/types\/post"}],"author":[{"embeddable":true,"href":"https:\/\/www.revistarescatados.com.ar\/web\/wp-json\/wp\/v2\/users\/1"}],"replies":[{"embeddable":true,"href":"https:\/\/www.revistarescatados.com.ar\/web\/wp-json\/wp\/v2\/comments?post=19561"}],"version-history":[{"count":1,"href":"https:\/\/www.revistarescatados.com.ar\/web\/wp-json\/wp\/v2\/posts\/19561\/revisions"}],"predecessor-version":[{"id":19563,"href":"https:\/\/www.revistarescatados.com.ar\/web\/wp-json\/wp\/v2\/posts\/19561\/revisions\/19563"}],"wp:featuredmedia":[{"embeddable":true,"href":"https:\/\/www.revistarescatados.com.ar\/web\/wp-json\/wp\/v2\/media\/19562"}],"wp:attachment":[{"href":"https:\/\/www.revistarescatados.com.ar\/web\/wp-json\/wp\/v2\/media?parent=19561"}],"wp:term":[{"taxonomy":"category","embeddable":true,"href":"https:\/\/www.revistarescatados.com.ar\/web\/wp-json\/wp\/v2\/categories?post=19561"},{"taxonomy":"post_tag","embeddable":true,"href":"https:\/\/www.revistarescatados.com.ar\/web\/wp-json\/wp\/v2\/tags?post=19561"}],"curies":[{"name":"wp","href":"https:\/\/api.w.org\/{rel}","templated":true}]}}