{"id":19788,"date":"2023-05-25T01:52:53","date_gmt":"2023-05-25T04:52:53","guid":{"rendered":"https:\/\/www.revistarescatados.com.ar\/web\/?p=19788"},"modified":"2023-05-25T01:52:58","modified_gmt":"2023-05-25T04:52:58","slug":"oscar-martinez-tenemos-que-terminar-con-la-ficcion-que-son-hoy-las-perimetrales-en-santa-fe","status":"publish","type":"post","link":"https:\/\/www.revistarescatados.com.ar\/web\/2023\/05\/25\/oscar-martinez-tenemos-que-terminar-con-la-ficcion-que-son-hoy-las-perimetrales-en-santa-fe\/","title":{"rendered":"Oscar Mart\u00ednez: \u201cTenemos que terminar con la ficci\u00f3n que son hoy las perimetrales en Santa Fe\u201d"},"content":{"rendered":"\n<p><\/p>\n\n\n\n<p><strong><mark style=\"background-color:rgba(0, 0, 0, 0)\" class=\"has-inline-color has-vivid-red-color\">El diputado Oscar Mart\u00ednez junto a Asociaciones de familiares y v\u00edctimas de violencia de g\u00e9nero de Santa Fe brindaron una conferencia de prensa para reclamar la sanci\u00f3n de la Ley de Prisi\u00f3n Preventiva por la violaci\u00f3n de una perimetral que aguarda ser aprobada en Senadores.<\/mark><\/strong><\/p>\n\n\n\n<figure class=\"wp-block-image size-large\"><img loading=\"lazy\" width=\"1024\" height=\"668\" src=\"https:\/\/www.revistarescatados.com.ar\/web\/wp-content\/uploads\/2023\/05\/Diputado-Martinez-1024x668.jpg\" alt=\"\" class=\"wp-image-19789\" srcset=\"https:\/\/www.revistarescatados.com.ar\/web\/wp-content\/uploads\/2023\/05\/Diputado-Martinez-1024x668.jpg 1024w, https:\/\/www.revistarescatados.com.ar\/web\/wp-content\/uploads\/2023\/05\/Diputado-Martinez-300x196.jpg 300w, https:\/\/www.revistarescatados.com.ar\/web\/wp-content\/uploads\/2023\/05\/Diputado-Martinez-768x501.jpg 768w, https:\/\/www.revistarescatados.com.ar\/web\/wp-content\/uploads\/2023\/05\/Diputado-Martinez.jpg 1280w\" sizes=\"(max-width: 1024px) 100vw, 1024px\" \/><\/figure>\n\n\n\n<p>Este proyecto de ley, que fue aprobado en la C\u00e1mara de Diputados en marzo pasado, aguarda ser tratado en la C\u00e1mara de Senadores. Tanto el legislador como las v\u00edctimas resaltaron la necesidad de que esta ley sea sancionada de manera urgente, debido a la escalada de violencia familiar y de g\u00e9nero y al n\u00famero creciente de femicidios que se registran en la provincia. Lo acompa\u00f1aron Graciela Brondino, Catalina Narv\u00e1ez y Fernanda Fern\u00e1ndez representando a las Asociaciones de V\u00edctimas de la ciudad capital.<\/p>\n\n\n\n<p>\u201cEste es un reclamo que estamos llevando a cabo desde hace tiempo. La provincia de Santa Fe tiene el doble de femicidios que el promedio nacional. Es la provincia con mayor cantidad de femicidios. Esta ley pretende una modificaci\u00f3n del C\u00f3digo Procesal Penal de la provincia para que la escalada de violencia que en general sufren las v\u00edctimas de violencia familiar y de g\u00e9nero sea interrumpida por el accionar oportuno y preciso del Estado, para que no termine en un hecho tr\u00e1gico. Lo pedimos en diciembre pasado, lo pedimos en febrero, junto con un conjunto de leyes contra la inseguridad. Y lo volvimos a pedir la semana pasada por carta tanto al Gobernador como a la Ministra de Igualdad, G\u00e9nero y Diversidad, queremos que dialoguen con el Senado para que sea sancionada esta norma que fue aprobada en Diputados con un ampl\u00edsimo consenso el 10 de marzo pasado\u201d, expres\u00f3 Mart\u00ednez.<\/p>\n\n\n\n<p>Y sentenci\u00f3: \u201cHoy la perimetral es una ficci\u00f3n y esa manda judicial que no se cumple debe no solamente constituirse en un delito que genera un proceso, sino establecer que quien no cumpla con esa norma sea considerado como peligrosidad procesal para que permita el accionar del Estado y se establezca la prisi\u00f3n preventiva. Adem\u00e1s permitir\u00e1 que jueces y fiscales tengan un direccionamiento porque en muchos casos simplemente dictar la norma y no establecer una sanci\u00f3n ante la violaci\u00f3n de esa manda judicial evidentemente lleva a las circunstancias que hoy Santa Fe padece\u201d.<\/p>\n\n\n\n<p>Ante la consulta sobre la demora en el Senado para aprobar esta ley, el diputado manifest\u00f3 que \u201cesta es una problem\u00e1tica tan pero tan importante que me parece que la respuesta tiene que ser m\u00e1s r\u00e1pida . Vemos a veces que el gobierno provincial impulsa determinadas cuestiones que tienen que ver con sus intereses y pareciera ser que tambi\u00e9n desde el Ejecutivo no hay una acci\u00f3n, di\u00e1logo, gesti\u00f3n para que esto avance y es por eso que estamos hoy aqu\u00ed, para ver si podemos impulsarlo. Fernada Fernandez, que hoy nos acompa\u00f1a es una v\u00edctima de que no haya una ley para protegerla de su ex pareja. Hizo ocho denuncias de violaci\u00f3n de perimetral y no obtuvo ninguna respuesta, es m\u00e1s la perimetral que tiene es de 100 metros y su agresor vive a 90 metros. Ella, junto a otras mujeres que padecen estas situaciones lanzaron una petici\u00f3n en la plataforma change.org que hoy tiene 25.000 firmas. No caben dudas de que estamos en deuda con todas ellas al no aprobar esta ley.\u201d<\/p>\n\n\n\n<p><br>En la conferencia, estuvo presente tambi\u00e9n Graciela Brondino, reconocida por su lucha por justicia en el caso del asesinato de su hija Marianela. Como tantas otras v\u00edctimas transform\u00f3 su dolor en acci\u00f3n, y por eso est\u00e1 acompa\u00f1ando esta petici\u00f3n a los Senadores para que aprueben la ley. \u201cYo creo que los funcionarios no dimensionan la delgada l\u00ednea qu\u00e9 hay entre la vida y la muerte en estos casos. Por qu\u00e9 hay que estar meses, en algunos casos a\u00f1os reclamando algo que a todas luces es fundamental porque una mujer que es v\u00edctima de violencia de g\u00e9nero sabemos que si el agresor est\u00e1 cerca hay muchas chances de que no termine bien. Entonces me pregunto, \u00bfqu\u00e9 est\u00e1n esperando? son casos muy peligrosos , a todos los que pueden hacer algo les pido que por favor que se pongan a trabajar y piensen en las mujeres que est\u00e1n pasando por esto\u201d, asegur\u00f3 Brondino.<\/p>\n","protected":false},"excerpt":{"rendered":"<p>El diputado Oscar Mart\u00ednez junto a Asociaciones de familiares y v\u00edctimas de violencia de g\u00e9nero de Santa Fe brindaron una conferencia de prensa para reclamar la sanci\u00f3n de la Ley de Prisi\u00f3n&#46;&#46;&#46;<\/p>\n","protected":false},"author":1,"featured_media":19789,"comment_status":"closed","ping_status":"closed","sticky":false,"template":"","format":"standard","meta":[],"categories":[16,10,13,12],"tags":[],"_links":{"self":[{"href":"https:\/\/www.revistarescatados.com.ar\/web\/wp-json\/wp\/v2\/posts\/19788"}],"collection":[{"href":"https:\/\/www.revistarescatados.com.ar\/web\/wp-json\/wp\/v2\/posts"}],"about":[{"href":"https:\/\/www.revistarescatados.com.ar\/web\/wp-json\/wp\/v2\/types\/post"}],"author":[{"embeddable":true,"href":"https:\/\/www.revistarescatados.com.ar\/web\/wp-json\/wp\/v2\/users\/1"}],"replies":[{"embeddable":true,"href":"https:\/\/www.revistarescatados.com.ar\/web\/wp-json\/wp\/v2\/comments?post=19788"}],"version-history":[{"count":1,"href":"https:\/\/www.revistarescatados.com.ar\/web\/wp-json\/wp\/v2\/posts\/19788\/revisions"}],"predecessor-version":[{"id":19790,"href":"https:\/\/www.revistarescatados.com.ar\/web\/wp-json\/wp\/v2\/posts\/19788\/revisions\/19790"}],"wp:featuredmedia":[{"embeddable":true,"href":"https:\/\/www.revistarescatados.com.ar\/web\/wp-json\/wp\/v2\/media\/19789"}],"wp:attachment":[{"href":"https:\/\/www.revistarescatados.com.ar\/web\/wp-json\/wp\/v2\/media?parent=19788"}],"wp:term":[{"taxonomy":"category","embeddable":true,"href":"https:\/\/www.revistarescatados.com.ar\/web\/wp-json\/wp\/v2\/categories?post=19788"},{"taxonomy":"post_tag","embeddable":true,"href":"https:\/\/www.revistarescatados.com.ar\/web\/wp-json\/wp\/v2\/tags?post=19788"}],"curies":[{"name":"wp","href":"https:\/\/api.w.org\/{rel}","templated":true}]}}