{"id":19869,"date":"2023-06-05T23:20:23","date_gmt":"2023-06-06T02:20:23","guid":{"rendered":"https:\/\/www.revistarescatados.com.ar\/web\/?p=19869"},"modified":"2023-06-05T23:20:31","modified_gmt":"2023-06-06T02:20:31","slug":"mutual-belgrano-organiza-una-disertacion-para-productores-ganaderos-en-gobernador-crespo","status":"publish","type":"post","link":"https:\/\/www.revistarescatados.com.ar\/web\/2023\/06\/05\/mutual-belgrano-organiza-una-disertacion-para-productores-ganaderos-en-gobernador-crespo\/","title":{"rendered":"Mutual Belgrano organiza una disertaci\u00f3n para productores ganaderos en Gobernador Crespo"},"content":{"rendered":"\n<figure class=\"wp-block-image size-large\"><img loading=\"lazy\" width=\"1024\" height=\"1024\" src=\"https:\/\/www.revistarescatados.com.ar\/web\/wp-content\/uploads\/2023\/06\/Disertacion-1024x1024.jpg\" alt=\"\" class=\"wp-image-19870\" srcset=\"https:\/\/www.revistarescatados.com.ar\/web\/wp-content\/uploads\/2023\/06\/Disertacion-1024x1024.jpg 1024w, https:\/\/www.revistarescatados.com.ar\/web\/wp-content\/uploads\/2023\/06\/Disertacion-300x300.jpg 300w, https:\/\/www.revistarescatados.com.ar\/web\/wp-content\/uploads\/2023\/06\/Disertacion-150x150.jpg 150w, https:\/\/www.revistarescatados.com.ar\/web\/wp-content\/uploads\/2023\/06\/Disertacion-768x768.jpg 768w, https:\/\/www.revistarescatados.com.ar\/web\/wp-content\/uploads\/2023\/06\/Disertacion-1536x1536.jpg 1536w, https:\/\/www.revistarescatados.com.ar\/web\/wp-content\/uploads\/2023\/06\/Disertacion-80x80.jpg 80w, https:\/\/www.revistarescatados.com.ar\/web\/wp-content\/uploads\/2023\/06\/Disertacion-320x320.jpg 320w, https:\/\/www.revistarescatados.com.ar\/web\/wp-content\/uploads\/2023\/06\/Disertacion.jpg 1600w\" sizes=\"(max-width: 1024px) 100vw, 1024px\" \/><\/figure>\n\n\n\n<p><strong><mark style=\"background-color:rgba(0, 0, 0, 0)\" class=\"has-inline-color has-vivid-red-color\">La disertaci\u00f3n a cargo del Ingeniero Agr\u00f3nomo, Fernando Canosa estar\u00e1 destinado a los productores ganaderos de nuestra zona y tiene como tem\u00e1tica a desarrollar y t\u00edtulo \u201cComo ser protagonistas del desarrollo ganadero\u201d.<\/mark><\/strong><\/p>\n\n\n\n<p>Tendr\u00e1 lugar el d\u00eda jueves 15 de junio, en el marco de un almuerzo que comenzar\u00e1 a las 12:15 horas, en las instalaciones del Sal\u00f3n Carlos Boratti del Club Belgrano.<\/p>\n\n\n\n<p>Es importante se\u00f1alar que los CUPOS SON LIMITADOS y las reservas se pueden realizar en las Filiales de Mutual Belgrano.<\/p>\n","protected":false},"excerpt":{"rendered":"<p>La disertaci\u00f3n a cargo del Ingeniero Agr\u00f3nomo, Fernando Canosa estar\u00e1 destinado a los productores ganaderos de nuestra zona y tiene como tem\u00e1tica a desarrollar y t\u00edtulo \u201cComo ser protagonistas del desarrollo ganadero\u201d.&#46;&#46;&#46;<\/p>\n","protected":false},"author":1,"featured_media":19870,"comment_status":"closed","ping_status":"closed","sticky":false,"template":"","format":"standard","meta":[],"categories":[4,16,10,8],"tags":[],"_links":{"self":[{"href":"https:\/\/www.revistarescatados.com.ar\/web\/wp-json\/wp\/v2\/posts\/19869"}],"collection":[{"href":"https:\/\/www.revistarescatados.com.ar\/web\/wp-json\/wp\/v2\/posts"}],"about":[{"href":"https:\/\/www.revistarescatados.com.ar\/web\/wp-json\/wp\/v2\/types\/post"}],"author":[{"embeddable":true,"href":"https:\/\/www.revistarescatados.com.ar\/web\/wp-json\/wp\/v2\/users\/1"}],"replies":[{"embeddable":true,"href":"https:\/\/www.revistarescatados.com.ar\/web\/wp-json\/wp\/v2\/comments?post=19869"}],"version-history":[{"count":1,"href":"https:\/\/www.revistarescatados.com.ar\/web\/wp-json\/wp\/v2\/posts\/19869\/revisions"}],"predecessor-version":[{"id":19871,"href":"https:\/\/www.revistarescatados.com.ar\/web\/wp-json\/wp\/v2\/posts\/19869\/revisions\/19871"}],"wp:featuredmedia":[{"embeddable":true,"href":"https:\/\/www.revistarescatados.com.ar\/web\/wp-json\/wp\/v2\/media\/19870"}],"wp:attachment":[{"href":"https:\/\/www.revistarescatados.com.ar\/web\/wp-json\/wp\/v2\/media?parent=19869"}],"wp:term":[{"taxonomy":"category","embeddable":true,"href":"https:\/\/www.revistarescatados.com.ar\/web\/wp-json\/wp\/v2\/categories?post=19869"},{"taxonomy":"post_tag","embeddable":true,"href":"https:\/\/www.revistarescatados.com.ar\/web\/wp-json\/wp\/v2\/tags?post=19869"}],"curies":[{"name":"wp","href":"https:\/\/api.w.org\/{rel}","templated":true}]}}