{"id":19952,"date":"2023-06-16T01:22:40","date_gmt":"2023-06-16T04:22:40","guid":{"rendered":"https:\/\/www.revistarescatados.com.ar\/web\/?p=19952"},"modified":"2023-06-16T01:22:55","modified_gmt":"2023-06-16T04:22:55","slug":"es-ley-la-prision-preventiva-por-el-uso-ilegal-de-armas-de-fuego-en-la-comision-de-un-delito","status":"publish","type":"post","link":"https:\/\/www.revistarescatados.com.ar\/web\/2023\/06\/16\/es-ley-la-prision-preventiva-por-el-uso-ilegal-de-armas-de-fuego-en-la-comision-de-un-delito\/","title":{"rendered":"Es Ley la Prisi\u00f3n Preventiva por el uso ilegal de armas de fuego en la comisi\u00f3n de un delito"},"content":{"rendered":"\n<p><\/p>\n\n\n\n<p><strong><mark style=\"background-color:rgba(0, 0, 0, 0)\" class=\"has-inline-color has-vivid-red-color\">La iniciativa, de autor\u00eda del diputado del Frente Renovador-PJ Oscar -Cachi-Mart\u00ednez, tuvo un largo recorrido en ambas C\u00e1maras hasta el d\u00eda de hoy, en que finalmente se convirti\u00f3 en ley. \u201cNecesitamos leyes como \u00e9sta si queremos luchar de verdad contra el flagelo de la inseguridad\u201ddijo en el recinto.<\/mark><\/strong><\/p>\n\n\n\n<figure class=\"wp-block-image size-full\"><img loading=\"lazy\" width=\"837\" height=\"577\" src=\"https:\/\/www.revistarescatados.com.ar\/web\/wp-content\/uploads\/2023\/06\/Cachi-1.jpg\" alt=\"\" class=\"wp-image-19953\" srcset=\"https:\/\/www.revistarescatados.com.ar\/web\/wp-content\/uploads\/2023\/06\/Cachi-1.jpg 837w, https:\/\/www.revistarescatados.com.ar\/web\/wp-content\/uploads\/2023\/06\/Cachi-1-300x207.jpg 300w, https:\/\/www.revistarescatados.com.ar\/web\/wp-content\/uploads\/2023\/06\/Cachi-1-768x529.jpg 768w\" sizes=\"(max-width: 837px) 100vw, 837px\" \/><\/figure>\n\n\n\n<p>La modificaci\u00f3n del Art\u00edculo 221 del C\u00f3digo Procesal de la provincia (Ley 12.734), que establece la peligrosidad procesal ante el uso o portaci\u00f3n de armas de fuego en la comisi\u00f3n de un delito, es un proyecto de ley que Mart\u00ednez present\u00f3 por primera vez en setiembre de 2020. Al considerarse de esta manera, si al momento de cometerse o intentar cometer un delito se portan armas de fuego, implicar\u00e1 la detenci\u00f3n inmediata de la o las personas involucradas y se les establecer\u00e1 la prisi\u00f3n preventiva, cosa que hasta hoy no suced\u00eda en la provincia de Santa Fe.<\/p>\n\n\n\n<p><br>En este sentido se agrega al Inciso 8 de dicho Art\u00edculo: \u201cla tenencia y la portaci\u00f3n de armas de fuego, as\u00ed como el uso de armas de fuego, por uno o algunos de los imputados durante la ejecuci\u00f3n del hecho delictivo o con posterioridad para asegurar sus resultados.\u201d<\/p>\n\n\n\n<p>En su alocuci\u00f3n en en el recinto, Mart\u00ednez tuvo palabras de agradecimiento a sus pares por aprobaci\u00f3n del proyecto. \u201cA pesar de haber pedido en varias oportunidades su tratamiento no hab\u00edamos logrado los consensos necesarios para su aprobaci\u00f3n, por lo que celebro que al fin lo hayamos logrado\u201d y puso de manifiesto la importancia de la opini\u00f3n de jueces y fiscales en el sentido de considerar su propuesta t\u00e9cnicamente superior a una iniciativa que en el mismo sentido fue presentada por el Poder Ejecutivo.<\/p>\n\n\n\n<p>\u201cA la luz de los hechos que se est\u00e1n sucediendo queda claro que la tenencia y el uso de armas en el momento que se comete el hecho adem\u00e1s de constituir o no un delito aut\u00f3nomo, es tambi\u00e9n una demostraci\u00f3n de la conducta que va a asumir el imputado con respecto al proceso, y a los sujetos que intervienen en el mismo; si al momento de cometer el hecho elige un modo que sabe que produce en la v\u00edctima miedo no solo actual sino tambi\u00e9n a futuro es consiente de que su acci\u00f3n tambi\u00e9n va en procura de su impunidad. Creemos firmemente que quien porta o usa un arma deja en claro cual va a ser su accionar en el proceso y por lo tanto esa conducta habilita el dictado de la prisi\u00f3n preventiva como mecanismo cautelar\u201d.<\/p>\n\n\n\n<p>Mart\u00ednez hizo hincapi\u00e9 adem\u00e1s en que gran parte de los fundamentos del proyecto que present\u00f3 se basan en los n\u00fameros que elabor\u00f3 el propio Observatorio de Seguridad P\u00fablica provincial. \u201cEn este \u00faltimo tiempo hemos sido testigos de una enorme escalada de la violencia urbana cuyas causas son m\u00faltiples y sus efectos devastadores. M\u00e1s del 85 por ciento de los delitos en nuestra provincia se cometen con armas de fuego. En Rosario adem\u00e1s se suman las balacera, m\u00e1s de 1600 que tienen como \u00fanico objetivo amedrentar a testigos, vecinos, jueces y fiscales, hasta el punto de llegar a balear no s\u00f3lo edificios p\u00fablicos relacionados con la justicia sino a escuelas, comercios, y cualquier lugar que les permita dejar sus mensajes mafiosos.\u201d<\/p>\n\n\n\n<p>\u201cSemejante panorama -continu\u00f3 el legislador- requiere acciones concretas directas y efectivas que contribuyan a que esta situaci\u00f3n cambie. Obviamente las responsabilidades y funciones no son las mismas para todos los actores de la realidad social o del sistema institucional. Tanto la Constituci\u00f3n Nacional como la de nuestra Provincia delimitan las responsabilidades y funciones de los distintos \u00f3rganos del estado y entre las provincias y la Naci\u00f3n. En ese orden de ideas corresponde a esta Legislatura la sanci\u00f3n de las leyes de rito y al Congreso Nacional la sanci\u00f3n de los c\u00f3digos de fondo en virtud de lo establecido por el art\u00edculo 75 inc. 12 de la Constituci\u00f3n Nacional\u201d.<\/p>\n\n\n\n<p>Y agreg\u00f3: \u201cDesde que asum\u00ed como Diputado provincial asum\u00ed p\u00fablicamente el compromiso de aportar todo lo que estaba a mi alcance para poder abordar la problem\u00e1tica de la inseguridad y particularmente de la violencia y su impunidad entendiendo que esta \u00faltima tiene un doble efecto devastador en nuestra sociedad. Por un lado las terribles consecuencias sufridas por las v\u00edctimas y sus familiares quienes tienen que convivir con esas huellas de dolor por el resto de sus vidas y por el otro la disgregaci\u00f3n del tejido social que entiende que vale m\u00e1s la raz\u00f3n de la fuerza que la fuerza de la raz\u00f3n. Si el Estado deja de ejercer el monopolio de la fuerza y renuncia al ejercicio de su rol caracter\u00edstico la escalada de violencia ser\u00e1 mucho m\u00e1s cruenta y de mayor magnitud\u201d.<\/p>\n\n\n\n<p>\u201cEn definitiva -sentenci\u00f3- no se trata de aparentar dureza con el delito con proyectos que parecen duros pero que t\u00e9cnicamente son vulnerables. La dureza del Estado debe estar en la fase de prevenci\u00f3n del delito. Una vez accionado el sistema de persecuci\u00f3n penal deben observarse normas que no presenten flancos para ser atacadas porque si no la sensaci\u00f3n de \u2018puerta giratoria\u2019 se acrecienta cada vez m\u00e1s. Es nuestra obligaci\u00f3n como legisladores sancionar las leyes que permitan que esta persecuci\u00f3n penal sea implacable y de acuerdo al Estado de derecho se haga justicia\u201d.<\/p>\n","protected":false},"excerpt":{"rendered":"<p>La iniciativa, de autor\u00eda del diputado del Frente Renovador-PJ Oscar -Cachi-Mart\u00ednez, tuvo un largo recorrido en ambas C\u00e1maras hasta el d\u00eda de hoy, en que finalmente se convirti\u00f3 en ley. \u201cNecesitamos leyes&#46;&#46;&#46;<\/p>\n","protected":false},"author":1,"featured_media":19953,"comment_status":"closed","ping_status":"closed","sticky":false,"template":"","format":"standard","meta":[],"categories":[16,10,13,12],"tags":[],"_links":{"self":[{"href":"https:\/\/www.revistarescatados.com.ar\/web\/wp-json\/wp\/v2\/posts\/19952"}],"collection":[{"href":"https:\/\/www.revistarescatados.com.ar\/web\/wp-json\/wp\/v2\/posts"}],"about":[{"href":"https:\/\/www.revistarescatados.com.ar\/web\/wp-json\/wp\/v2\/types\/post"}],"author":[{"embeddable":true,"href":"https:\/\/www.revistarescatados.com.ar\/web\/wp-json\/wp\/v2\/users\/1"}],"replies":[{"embeddable":true,"href":"https:\/\/www.revistarescatados.com.ar\/web\/wp-json\/wp\/v2\/comments?post=19952"}],"version-history":[{"count":1,"href":"https:\/\/www.revistarescatados.com.ar\/web\/wp-json\/wp\/v2\/posts\/19952\/revisions"}],"predecessor-version":[{"id":19954,"href":"https:\/\/www.revistarescatados.com.ar\/web\/wp-json\/wp\/v2\/posts\/19952\/revisions\/19954"}],"wp:featuredmedia":[{"embeddable":true,"href":"https:\/\/www.revistarescatados.com.ar\/web\/wp-json\/wp\/v2\/media\/19953"}],"wp:attachment":[{"href":"https:\/\/www.revistarescatados.com.ar\/web\/wp-json\/wp\/v2\/media?parent=19952"}],"wp:term":[{"taxonomy":"category","embeddable":true,"href":"https:\/\/www.revistarescatados.com.ar\/web\/wp-json\/wp\/v2\/categories?post=19952"},{"taxonomy":"post_tag","embeddable":true,"href":"https:\/\/www.revistarescatados.com.ar\/web\/wp-json\/wp\/v2\/tags?post=19952"}],"curies":[{"name":"wp","href":"https:\/\/api.w.org\/{rel}","templated":true}]}}