{"id":20005,"date":"2023-06-22T19:21:56","date_gmt":"2023-06-22T22:21:56","guid":{"rendered":"https:\/\/www.revistarescatados.com.ar\/web\/?p=20005"},"modified":"2023-06-22T19:23:27","modified_gmt":"2023-06-22T22:23:27","slug":"perotti-inauguro-el-nuevo-vuelo-de-aerolineas-argentinas-que-unira-buenos-aires-rosario-y-reconquista","status":"publish","type":"post","link":"https:\/\/www.revistarescatados.com.ar\/web\/2023\/06\/22\/perotti-inauguro-el-nuevo-vuelo-de-aerolineas-argentinas-que-unira-buenos-aires-rosario-y-reconquista\/","title":{"rendered":"Perotti inaugur\u00f3 el nuevo vuelo de Aerol\u00edneas Argentinas que unir\u00e1 Buenos Aires, Rosario y Reconquista"},"content":{"rendered":"\n<p><\/p>\n\n\n\n<p><strong><mark style=\"background-color:rgba(0, 0, 0, 0)\" class=\"has-inline-color has-vivid-red-color\">El nuevo servicio funcionar\u00e1 mi\u00e9rcoles y s\u00e1bados y ser\u00e1 operado por una aeronave con capacidad para 96 pasajeros.<\/mark><\/strong><\/p>\n\n\n\n<figure class=\"wp-block-image size-full\"><img loading=\"lazy\" width=\"804\" height=\"444\" src=\"https:\/\/www.revistarescatados.com.ar\/web\/wp-content\/uploads\/2023\/06\/Nuevo-Vuelo-a-Reconquista-1.jpg\" alt=\"\" class=\"wp-image-20006\" srcset=\"https:\/\/www.revistarescatados.com.ar\/web\/wp-content\/uploads\/2023\/06\/Nuevo-Vuelo-a-Reconquista-1.jpg 804w, https:\/\/www.revistarescatados.com.ar\/web\/wp-content\/uploads\/2023\/06\/Nuevo-Vuelo-a-Reconquista-1-300x166.jpg 300w, https:\/\/www.revistarescatados.com.ar\/web\/wp-content\/uploads\/2023\/06\/Nuevo-Vuelo-a-Reconquista-1-768x424.jpg 768w\" sizes=\"(max-width: 804px) 100vw, 804px\" \/><\/figure>\n\n\n\n<p>El gobernador Omar Perotti inaugur\u00f3 este mi\u00e9rcoles, en el Aeropuerto Internacional de Rosario, la nueva ruta a\u00e9rea que recorrer\u00e1 el tramo Buenos Aires \u2013 Rosario \u2013 Reconquista, operado por Aerol\u00edneas Argentinas. Cabe recordar que, en el mes de febrero, se hab\u00eda firmado el convenio de cooperaci\u00f3n entre la ciudad de Reconquista y la Direcci\u00f3n General de L\u00edneas A\u00e9reas del Estado para la reactivaci\u00f3n de la conexi\u00f3n Reconquista \u2013 Buenos Aires y viceversa.<\/p>\n\n\n\n<p>En la oportunidad, el gobernador destac\u00f3 que se trata de una \u201cmuy buena noticia para Rosario, y una posibilidad directa de comunicaci\u00f3n con nuestro norte provincial, porque el beneficio de este vuelo no se concentra exclusivamente en Reconquista, sino en toda la zona donde va a ser el \u00fanico con comunicaci\u00f3n con Rosario y Buenos Aires\u201d.<\/p>\n\n\n\n<p>Luego remarc\u00f3 que \u201ctodos los rosarinos y gente de la regi\u00f3n suman una alternativa para volver de Buenos Aires, pero tambi\u00e9n la posibilidad de hacer turismo en ese paisaje hermoso, en toda la zona del Jaaukanig\u00e1s, una zona de nuestro rio Paran\u00e1, de nuestras islas que arranca desde Reconquista hasta Florencia\u201d.<\/p>\n\n\n\n<p>Por \u00faltimo, Omar Perotti expres\u00f3 que \u201ces una noticia muy importante, de doble efecto, como sumar movimiento al aeropuerto de Rosario, sumar una nueva alternativa de vuelo y unir el norte de nuestra provincia con Rosario y Buenos Aires\u201d.<\/p>\n\n\n\n<p>Por su parte, el intendente de la ciudad de Reconquista, Amadeo Vallejos, sostuvo que \u201ces una alegr\u00eda inmensa para todo el norte, es un d\u00eda hist\u00f3rico. Los departamentos del norte son una gran zona, donde m\u00e1s de 450 mil habitantes van a poder utilizar este servicio, esta conectividad que necesit\u00e1bamos, primero con Lade y ahora con Aerol\u00edneas Argentinas. Trabajando juntos, municipio, el sector privado, la provincia, el gobierno nacional, las autoridades de Aerol\u00edneas y las autoridades de Aeropuertos Argentina 2000, que hizo una inversi\u00f3n hist\u00f3rica en estos \u00faltimos meses para que hoy podamos concretar la inauguraci\u00f3n de una nueva terminal aeroportuaria que da la infraestructura necesaria para brindar un buen servicio\u201d.<\/p>\n\n\n\n<figure class=\"wp-block-image size-full\"><img loading=\"lazy\" width=\"712\" height=\"439\" src=\"https:\/\/www.revistarescatados.com.ar\/web\/wp-content\/uploads\/2023\/06\/Nuevo-Vuelo-a-Reconquista-1-1.jpg\" alt=\"\" class=\"wp-image-20007\" srcset=\"https:\/\/www.revistarescatados.com.ar\/web\/wp-content\/uploads\/2023\/06\/Nuevo-Vuelo-a-Reconquista-1-1.jpg 712w, https:\/\/www.revistarescatados.com.ar\/web\/wp-content\/uploads\/2023\/06\/Nuevo-Vuelo-a-Reconquista-1-1-300x185.jpg 300w\" sizes=\"(max-width: 712px) 100vw, 712px\" \/><\/figure>\n\n\n\n<p><strong>EL NUEVO VUELO<\/strong><\/p>\n\n\n\n<p>El nuevo servicio funcionar\u00e1 los mi\u00e9rcoles y s\u00e1bados. Saldr\u00e1 desde Aeroparque a las 11:45, arribar\u00e1 a Rosario a las 12:45 y partir\u00e1 hacia Reconquista a las 13:15. Los d\u00edas mi\u00e9rcoles, el regreso ser\u00e1 a las 17:05 y parte hacia Aeroparque a las 17:45. Mientras que los s\u00e1bados regresar\u00e1 a las 16:15 y partir\u00e1 hacia Aeroparque a las 16:45. El tiempo de vuelo de Rosario a Reconquista es de 1 hora 10 minutos, y de Reconquista a Aeroparque son 2 horas 30 minutos. La aeronave que realizar\u00e1 la ruta es un Embraer 190 con capacidad para 96 pasajeros.<\/p>\n\n\n\n<p><strong>OBRAS EN EL AEROPUERTO DE ROSARIO<\/strong><\/p>\n\n\n\n<p>Por otro lado, el gobernador record\u00f3 que se encuentra bastante avanzada la obra de la nueva terminal del Aeropuerto Internacional de Rosario: \u201cPara los que no conocen, hoy quienes bajan de un avi\u00f3n un d\u00eda de lluvia, deben hacerlo con paraguas para llegar hasta la sede del edificio. Una manga genera ese v\u00ednculo, el avi\u00f3n ya comienza el v\u00ednculo con la terminal, con una terminal nueva, acorde a los requerimientos de las aerol\u00edneas, acorde al prestigio que se le quiere dar y sumar con nuevos vuelos al aeropuerto internacional de Rosario\u201d.<\/p>\n\n\n\n<p>\u201cEn los pr\u00f3ximos d\u00edas, va a comenzar el trabajo frente al aeropuerto, un alero que dar\u00e1 cobertura a quienes se acercan al aeropuerto en auto, con taxis, y con buses. Hoy todo ese traslado se hace a la intemperie, todo quedar\u00e1 cubierto, se gana mucho en el aeropuerto, una verdadera entrada de toda la regi\u00f3n centro del pa\u00eds\u201d, explic\u00f3 Perotti.<\/p>\n\n\n\n<p>La nueva terminal flexible para pasajeros en el Aeropuerto Internacional \u201cIslas Malvinas\u201d de Rosario, demandar\u00e1 una inversi\u00f3n de $18.001.056.671 (monto a febrero de 2023) y posee un avance de obra del 43,26%. Ya se coloc\u00f3 la estructura met\u00e1lica, el cerramiento perimetral y la cubierta de techo.<\/p>\n\n\n\n<p>El nuevo edificio posee una superficie total de 10.580 m2. De esa superficie, en esta etapa se habilitar\u00e1 el 45%, es decir, 4.670 m2 situados del lado sur del nuevo edificio. Se pondr\u00e1n en funcionamiento planta baja y primer piso. Se prev\u00e9 la provisi\u00f3n de escaleras mec\u00e1nicas, ascensores y dos nuevas cintas de equipajes para arribos para la atenci\u00f3n simult\u00e1nea de vuelos, ya que, hasta el momento, se pod\u00eda atender un solo vuelo internacional por vez.<\/p>\n\n\n\n<p>Asimismo, se ampliar\u00e1 el sector de embarque internacional existente. Mientras que, al sector de arribo y embarque de pasajeros, se sumar\u00e1 un espacio de oficinas para los organismos como Aduana, Migraciones, PSA, etc. En el sector de plataforma, se prev\u00e9n 2 puentes fijos, 1 edificio pivot y 2 mangas que dan respuesta a uno de los reclamos hist\u00f3ricos del AIR.<\/p>\n\n\n\n<p>La vinculaci\u00f3n entre la terminal actual y la terminal flexible se realizar\u00e1 a trav\u00e9s de un nexo que brindar\u00e1 la posibilidad de utilizar las mangas para cualquier tipo de vuelo: internacional o cabotaje. De all\u00ed que el nuevo edificio recibe el nombre de terminal \u201cflexible\u201d, porque se adapta tanto para vuelos dom\u00e9sticos como internacionales.<\/p>\n\n\n\n<p>Tambi\u00e9n se realizar\u00e1 la unificaci\u00f3n arquitect\u00f3nica de la nueva terminal y la existente, a trav\u00e9s de un alero de 245 metros de largo. De esta manera, se da respuesta a otro reclamo hist\u00f3rico como es cuidar a los pasajeros de las inclemencias clim\u00e1ticas al llegar o partir del edificio.<\/p>\n","protected":false},"excerpt":{"rendered":"<p>El nuevo servicio funcionar\u00e1 mi\u00e9rcoles y s\u00e1bados y ser\u00e1 operado por una aeronave con capacidad para 96 pasajeros. El gobernador Omar Perotti inaugur\u00f3 este mi\u00e9rcoles, en el Aeropuerto Internacional de Rosario, la&#46;&#46;&#46;<\/p>\n","protected":false},"author":1,"featured_media":20007,"comment_status":"closed","ping_status":"closed","sticky":false,"template":"","format":"standard","meta":[],"categories":[6,16,12,8],"tags":[],"_links":{"self":[{"href":"https:\/\/www.revistarescatados.com.ar\/web\/wp-json\/wp\/v2\/posts\/20005"}],"collection":[{"href":"https:\/\/www.revistarescatados.com.ar\/web\/wp-json\/wp\/v2\/posts"}],"about":[{"href":"https:\/\/www.revistarescatados.com.ar\/web\/wp-json\/wp\/v2\/types\/post"}],"author":[{"embeddable":true,"href":"https:\/\/www.revistarescatados.com.ar\/web\/wp-json\/wp\/v2\/users\/1"}],"replies":[{"embeddable":true,"href":"https:\/\/www.revistarescatados.com.ar\/web\/wp-json\/wp\/v2\/comments?post=20005"}],"version-history":[{"count":1,"href":"https:\/\/www.revistarescatados.com.ar\/web\/wp-json\/wp\/v2\/posts\/20005\/revisions"}],"predecessor-version":[{"id":20008,"href":"https:\/\/www.revistarescatados.com.ar\/web\/wp-json\/wp\/v2\/posts\/20005\/revisions\/20008"}],"wp:featuredmedia":[{"embeddable":true,"href":"https:\/\/www.revistarescatados.com.ar\/web\/wp-json\/wp\/v2\/media\/20007"}],"wp:attachment":[{"href":"https:\/\/www.revistarescatados.com.ar\/web\/wp-json\/wp\/v2\/media?parent=20005"}],"wp:term":[{"taxonomy":"category","embeddable":true,"href":"https:\/\/www.revistarescatados.com.ar\/web\/wp-json\/wp\/v2\/categories?post=20005"},{"taxonomy":"post_tag","embeddable":true,"href":"https:\/\/www.revistarescatados.com.ar\/web\/wp-json\/wp\/v2\/tags?post=20005"}],"curies":[{"name":"wp","href":"https:\/\/api.w.org\/{rel}","templated":true}]}}