{"id":20012,"date":"2023-06-22T22:29:00","date_gmt":"2023-06-23T01:29:00","guid":{"rendered":"https:\/\/www.revistarescatados.com.ar\/web\/?p=20012"},"modified":"2023-06-22T22:29:03","modified_gmt":"2023-06-23T01:29:03","slug":"comenzo-la-liga-femenina-de-basquet-en-calchaqui","status":"publish","type":"post","link":"https:\/\/www.revistarescatados.com.ar\/web\/2023\/06\/22\/comenzo-la-liga-femenina-de-basquet-en-calchaqui\/","title":{"rendered":"Comenz\u00f3 la liga femenina de b\u00e1squet en Calchaqu\u00ed"},"content":{"rendered":"\n<p><br><strong><mark style=\"background-color:rgba(0, 0, 0, 0)\" class=\"has-inline-color has-vivid-red-color\">Este martes 20 de junio se jug\u00f3 la primera fecha del B\u00e1squetbol Femenino en Categor\u00eda Mayores en el \u00e1mbito de la Asociaci\u00f3n Reconquistense de B\u00e1squetbol. Participan 7 instituciones de distintas localidades del norte de la provincia de Santa Fe. En el estadio &#8220;Gigante de la Avenida&#8221; del Centro Recreativo de Calchaqu\u00ed hubo acci\u00f3n con 6 partidos.<\/mark><\/strong><\/p>\n\n\n\n<figure class=\"wp-block-image size-full\"><img loading=\"lazy\" width=\"983\" height=\"655\" src=\"https:\/\/www.revistarescatados.com.ar\/web\/wp-content\/uploads\/2023\/06\/Liga-femenina-de-basquet.jpg\" alt=\"\" class=\"wp-image-20013\" srcset=\"https:\/\/www.revistarescatados.com.ar\/web\/wp-content\/uploads\/2023\/06\/Liga-femenina-de-basquet.jpg 983w, https:\/\/www.revistarescatados.com.ar\/web\/wp-content\/uploads\/2023\/06\/Liga-femenina-de-basquet-300x200.jpg 300w, https:\/\/www.revistarescatados.com.ar\/web\/wp-content\/uploads\/2023\/06\/Liga-femenina-de-basquet-768x512.jpg 768w\" sizes=\"(max-width: 983px) 100vw, 983px\" \/><\/figure>\n\n\n\n<p>Comenz\u00f3 la liga femenina de mayores, en el \u00e1mbito de la Asociaci\u00f3n Reconquistense de B\u00e1squetbol, con la participaci\u00f3n de siete clubes de la zona. <\/p>\n\n\n\n<p>Centro Recreativo Calchaqu\u00ed, Adelante y Platense de Reconquista, Hurac\u00e1n de la Criolla, Mitre de la Gallareta, Uni\u00f3n de Avellaneda y Hurac\u00e1n de San Javier, son los clubes que participan con sus equipos de la Primera Femenina. <\/p>\n\n\n\n<p>En la primera fecha, el CRC fue sede y realiz\u00f3 distinciones a quienes participan y apoyan a este deporte. <\/p>\n\n\n\n<p>Cabe destacar que el s\u00e1bado tambi\u00e9n comenz\u00f3, en el Club Adelante, la Liga de B\u00e1squet Femenino de la Categor\u00eda U14, en el que Calchaqu\u00ed tambi\u00e9n participa.<\/p>\n\n\n\n<p><\/p>\n","protected":false},"excerpt":{"rendered":"<p>Este martes 20 de junio se jug\u00f3 la primera fecha del B\u00e1squetbol Femenino en Categor\u00eda Mayores en el \u00e1mbito de la Asociaci\u00f3n Reconquistense de B\u00e1squetbol. Participan 7 instituciones de distintas localidades del&#46;&#46;&#46;<\/p>\n","protected":false},"author":1,"featured_media":20013,"comment_status":"closed","ping_status":"closed","sticky":false,"template":"","format":"standard","meta":[],"categories":[2,6,4,3,17,16],"tags":[],"_links":{"self":[{"href":"https:\/\/www.revistarescatados.com.ar\/web\/wp-json\/wp\/v2\/posts\/20012"}],"collection":[{"href":"https:\/\/www.revistarescatados.com.ar\/web\/wp-json\/wp\/v2\/posts"}],"about":[{"href":"https:\/\/www.revistarescatados.com.ar\/web\/wp-json\/wp\/v2\/types\/post"}],"author":[{"embeddable":true,"href":"https:\/\/www.revistarescatados.com.ar\/web\/wp-json\/wp\/v2\/users\/1"}],"replies":[{"embeddable":true,"href":"https:\/\/www.revistarescatados.com.ar\/web\/wp-json\/wp\/v2\/comments?post=20012"}],"version-history":[{"count":1,"href":"https:\/\/www.revistarescatados.com.ar\/web\/wp-json\/wp\/v2\/posts\/20012\/revisions"}],"predecessor-version":[{"id":20014,"href":"https:\/\/www.revistarescatados.com.ar\/web\/wp-json\/wp\/v2\/posts\/20012\/revisions\/20014"}],"wp:featuredmedia":[{"embeddable":true,"href":"https:\/\/www.revistarescatados.com.ar\/web\/wp-json\/wp\/v2\/media\/20013"}],"wp:attachment":[{"href":"https:\/\/www.revistarescatados.com.ar\/web\/wp-json\/wp\/v2\/media?parent=20012"}],"wp:term":[{"taxonomy":"category","embeddable":true,"href":"https:\/\/www.revistarescatados.com.ar\/web\/wp-json\/wp\/v2\/categories?post=20012"},{"taxonomy":"post_tag","embeddable":true,"href":"https:\/\/www.revistarescatados.com.ar\/web\/wp-json\/wp\/v2\/tags?post=20012"}],"curies":[{"name":"wp","href":"https:\/\/api.w.org\/{rel}","templated":true}]}}