{"id":20016,"date":"2023-06-23T13:43:24","date_gmt":"2023-06-23T16:43:24","guid":{"rendered":"https:\/\/www.revistarescatados.com.ar\/web\/?p=20016"},"modified":"2023-06-23T13:43:28","modified_gmt":"2023-06-23T16:43:28","slug":"la-provincia-entrego-30-kits-de-trabajo-a-productores-apicolas-de-calchaqui-video","status":"publish","type":"post","link":"https:\/\/www.revistarescatados.com.ar\/web\/2023\/06\/23\/la-provincia-entrego-30-kits-de-trabajo-a-productores-apicolas-de-calchaqui-video\/","title":{"rendered":"La provincia entreg\u00f3 30 kits de trabajo a productores ap\u00edcolas de Calchaqu\u00ed (video)"},"content":{"rendered":"\n<p><\/p>\n\n\n\n<p><strong>En el marco del programa de Producci\u00f3n Sustentable Local, el objetivo es apoyar la producci\u00f3n local de alimentos con el objetivo de promover una alimentaci\u00f3n consciente, con mejor calidad nutritiva.<\/strong><\/p>\n\n\n\n<figure class=\"wp-block-image size-large\"><img loading=\"lazy\" width=\"1024\" height=\"625\" src=\"https:\/\/www.revistarescatados.com.ar\/web\/wp-content\/uploads\/2023\/06\/kits-1024x625.jpg\" alt=\"\" class=\"wp-image-20017\" srcset=\"https:\/\/www.revistarescatados.com.ar\/web\/wp-content\/uploads\/2023\/06\/kits-1024x625.jpg 1024w, https:\/\/www.revistarescatados.com.ar\/web\/wp-content\/uploads\/2023\/06\/kits-300x183.jpg 300w, https:\/\/www.revistarescatados.com.ar\/web\/wp-content\/uploads\/2023\/06\/kits-768x469.jpg 768w, https:\/\/www.revistarescatados.com.ar\/web\/wp-content\/uploads\/2023\/06\/kits-1536x938.jpg 1536w, https:\/\/www.revistarescatados.com.ar\/web\/wp-content\/uploads\/2023\/06\/kits.jpg 2048w\" sizes=\"(max-width: 1024px) 100vw, 1024px\" \/><\/figure>\n\n\n\n<p>El gobierno de Santa Fe, a trav\u00e9s de la Secretar\u00eda de Desarrollo Territorial y Arraigo del Ministerio de Producci\u00f3n, Ciencia y Tecnolog\u00eda, entreg\u00f3 este jueves 30 kits de trabajo a productores ap\u00edcolas de Calchaqu\u00ed.<br>La actividad se enmarca en el Programa de Producci\u00f3n Sustentable Local, que busca apoyar la producci\u00f3n local de alimentos con el objetivo de promover una alimentaci\u00f3n consciente, con mejor calidad nutritiva.<\/p>\n\n\n\n<p>La iniciativa est\u00e1 dirigida a municipios y comunas comprometidos con la producci\u00f3n sustentable de alimentos en el \u00e1mbito local; a peque\u00f1os y medianos productores que inicien procesos de reconversi\u00f3n hacia sistemas m\u00e1s sustentables de producci\u00f3n; y a t\u00e9cnicos\/as, instituciones y organizaciones sociales vinculados\/as a la tem\u00e1tica y a consumidores de las comunidades.<\/p>\n\n\n\n<p>Al respecto, el secretario de Desarrollo Territorial y Arraigo, Fabricio Medina, explic\u00f3 que &#8220;llevamos adelante en esta localidad una de las etapas del programa de Producci\u00f3n Sustentable Local, que venimos trabajando desde hace un tiempo con la Municipalidad y productores locales. El mismo prev\u00e9 la construcci\u00f3n de un plan operativo local, la planificaci\u00f3n participativa y, dentro de la misma, uno de los ejes que surgi\u00f3 fue el fortalecimiento de la actividad ap\u00edcola y en esa l\u00ednea definir a Calchaqu\u00ed como un territorio ap\u00edcola; ellos quieren que su identidad dentro del territorio est\u00e9 volcada hacia la apicultura\u201d.<\/p>\n\n\n\n<p>En ese sentido, detall\u00f3 que \u201cen funci\u00f3n de eso se trabaj\u00f3 sobre las necesidades y demandas del sector y, entre ellas, el Ministerio realiz\u00f3 un aporte para atender a las mismas. Se trata de kits ap\u00edcolas que constan de ahumador galvanizado, piza con palanca zincada, alambrador de cuadros en fundici\u00f3n, porta bobinas, incrustador de cera, mamelucos reforzados con caretas, sombreros de pvc y guantes, que fueron entregados a 30 productores\u201d.<\/p>\n\n\n\n<p>Por \u00faltimo, manifest\u00f3 que \u201clo importante es que Calchaqu\u00ed pudo llevar adelante el programa definiendo cu\u00e1les son las prioridades del territorio, las limitaciones y las fortalezas y, en funci\u00f3n de eso, se elaboraron alternativas para llevar soluciones para los distintos sectores productivos de la localidad\u201d.<\/p>\n\n\n\n<p>Participaron de la entrega el intendente de Calchaqu\u00ed, Rub\u00e9n Cuello; la secretaria de Producci\u00f3n y Turismo, Paula Ferreyra; el concejal Mart\u00edn Perello; y Giorgina G\u00f3mez, integrante del equipo t\u00e9cnico del programa.<\/p>\n\n\n\n<iframe loading=\"lazy\" src=\"https:\/\/www.facebook.com\/plugins\/post.php?href=https%3A%2F%2Fwww.facebook.com%2Fpermalink.php%3Fstory_fbid%3Dpfbid02adfYCBbxUysu1oi88TLhJfDLkYvCwJc7zEGnDocaEF858HDfT8zmkf2hjQJaZWkGl%26id%3D100063645937298&#038;show_text=false&#038;width=500\" width=\"500\" height=\"250\" style=\"border:none;overflow:hidden\" scrolling=\"no\" frameborder=\"0\" allowfullscreen=\"true\" allow=\"autoplay; clipboard-write; encrypted-media; picture-in-picture; web-share\"><\/iframe>\n\n\n\n<p><strong>SOBRE EL PROGRAMA<br><\/strong>El Programa de Producci\u00f3n Sustentable Local busca promover la producci\u00f3n sustentable de alimentos fortaleciendo la comercializaci\u00f3n, los mercados de proximidad y la diferenciaci\u00f3n de las producciones. Este programa se centra en las \u00e1reas periurbanas, urbanas y rurales de proximidad, contribuyendo a fortalecer tanto las actividades primarias, como tambi\u00e9n los procesos que incluyan agregado de valor.<\/p>\n\n\n\n<p>Su principal objetivo es el de dise\u00f1ar un plan operativo de la localidad, en conjunto con los actores del territorio que permitan acordar acciones para el desarrollo de la producci\u00f3n sustentable de la localidad.<\/p>\n","protected":false},"excerpt":{"rendered":"<p>En el marco del programa de Producci\u00f3n Sustentable Local, el objetivo es apoyar la producci\u00f3n local de alimentos con el objetivo de promover una alimentaci\u00f3n consciente, con mejor calidad nutritiva. El gobierno&#46;&#46;&#46;<\/p>\n","protected":false},"author":1,"featured_media":20017,"comment_status":"closed","ping_status":"closed","sticky":false,"template":"","format":"standard","meta":[],"categories":[2,3,16,10,8],"tags":[],"_links":{"self":[{"href":"https:\/\/www.revistarescatados.com.ar\/web\/wp-json\/wp\/v2\/posts\/20016"}],"collection":[{"href":"https:\/\/www.revistarescatados.com.ar\/web\/wp-json\/wp\/v2\/posts"}],"about":[{"href":"https:\/\/www.revistarescatados.com.ar\/web\/wp-json\/wp\/v2\/types\/post"}],"author":[{"embeddable":true,"href":"https:\/\/www.revistarescatados.com.ar\/web\/wp-json\/wp\/v2\/users\/1"}],"replies":[{"embeddable":true,"href":"https:\/\/www.revistarescatados.com.ar\/web\/wp-json\/wp\/v2\/comments?post=20016"}],"version-history":[{"count":1,"href":"https:\/\/www.revistarescatados.com.ar\/web\/wp-json\/wp\/v2\/posts\/20016\/revisions"}],"predecessor-version":[{"id":20018,"href":"https:\/\/www.revistarescatados.com.ar\/web\/wp-json\/wp\/v2\/posts\/20016\/revisions\/20018"}],"wp:featuredmedia":[{"embeddable":true,"href":"https:\/\/www.revistarescatados.com.ar\/web\/wp-json\/wp\/v2\/media\/20017"}],"wp:attachment":[{"href":"https:\/\/www.revistarescatados.com.ar\/web\/wp-json\/wp\/v2\/media?parent=20016"}],"wp:term":[{"taxonomy":"category","embeddable":true,"href":"https:\/\/www.revistarescatados.com.ar\/web\/wp-json\/wp\/v2\/categories?post=20016"},{"taxonomy":"post_tag","embeddable":true,"href":"https:\/\/www.revistarescatados.com.ar\/web\/wp-json\/wp\/v2\/tags?post=20016"}],"curies":[{"name":"wp","href":"https:\/\/api.w.org\/{rel}","templated":true}]}}