{"id":20025,"date":"2023-06-23T16:22:03","date_gmt":"2023-06-23T19:22:03","guid":{"rendered":"https:\/\/www.revistarescatados.com.ar\/web\/?p=20025"},"modified":"2023-06-23T16:22:08","modified_gmt":"2023-06-23T19:22:08","slug":"acreditan-los-fondos-de-la-tarjeta-unica-de-ciudadania-5","status":"publish","type":"post","link":"https:\/\/www.revistarescatados.com.ar\/web\/2023\/06\/23\/acreditan-los-fondos-de-la-tarjeta-unica-de-ciudadania-5\/","title":{"rendered":"Acreditan los fondos de la Tarjeta \u00danica de Ciudadan\u00eda"},"content":{"rendered":"\n<p><\/p>\n\n\n\n<p><strong><mark style=\"background-color:rgba(0, 0, 0, 0)\" class=\"has-inline-color has-vivid-red-color\">A partir del viernes 23 de junio para los beneficiarios que cobran por medio del pl\u00e1stico recargable y este s\u00e1bado a aquellos que lo hacen a trav\u00e9s de la aplicaci\u00f3n Billetera Santa Fe.<\/mark><\/strong><\/p>\n\n\n\n<figure class=\"wp-block-image size-large\"><img loading=\"lazy\" width=\"1024\" height=\"560\" src=\"https:\/\/www.revistarescatados.com.ar\/web\/wp-content\/uploads\/2023\/06\/Trajeta-Unica-de-Ciudadania-1024x560.jpg\" alt=\"\" class=\"wp-image-20026\" srcset=\"https:\/\/www.revistarescatados.com.ar\/web\/wp-content\/uploads\/2023\/06\/Trajeta-Unica-de-Ciudadania-1024x560.jpg 1024w, https:\/\/www.revistarescatados.com.ar\/web\/wp-content\/uploads\/2023\/06\/Trajeta-Unica-de-Ciudadania-300x164.jpg 300w, https:\/\/www.revistarescatados.com.ar\/web\/wp-content\/uploads\/2023\/06\/Trajeta-Unica-de-Ciudadania-768x420.jpg 768w, https:\/\/www.revistarescatados.com.ar\/web\/wp-content\/uploads\/2023\/06\/Trajeta-Unica-de-Ciudadania.jpg 1280w\" sizes=\"(max-width: 1024px) 100vw, 1024px\" \/><\/figure>\n\n\n\n<p>El Ministerio de Desarrollo Social inform\u00f3 que a partir de este viernes 23 comienza la acreditaci\u00f3n de fondos del programa Tarjeta \u00danica de Ciudadan\u00eda, correspondientes al mes en curso.<\/p>\n\n\n\n<p>En tanto los beneficiarios que cobran a trav\u00e9s de la aplicaci\u00f3n Billetera Santa Fe, tendr\u00e1n acreditados los fondos a partir del d\u00eda de ma\u00f1ana.<\/p>\n\n\n\n<p>Asimismo, estar\u00e1n acreditados los fondos correspondientes al Componente Cel\u00edacos. Las personas cel\u00edacas que no cuentan con cobertura de obra social, percibir\u00e1n una acreditaci\u00f3n de 8.000 pesos; en tanto, los cel\u00edacos que s\u00ed cuentan con obra social recibir\u00e1n 6.000 pesos.<\/p>\n\n\n\n<p>Por su parte, las personas trans beneficiarias del programa percibir\u00e1n 6.000 pesos.<\/p>\n\n\n\n<p>Adem\u00e1s, se informa que se encuentra habilitado el tel\u00e9fono 341 -2571866 para consultas y reclamos, destacando que es solo para enviar mensajes de WhatsApp.<\/p>\n","protected":false},"excerpt":{"rendered":"<p>A partir del viernes 23 de junio para los beneficiarios que cobran por medio del pl\u00e1stico recargable y este s\u00e1bado a aquellos que lo hacen a trav\u00e9s de la aplicaci\u00f3n Billetera Santa&#46;&#46;&#46;<\/p>\n","protected":false},"author":1,"featured_media":20026,"comment_status":"closed","ping_status":"closed","sticky":false,"template":"","format":"standard","meta":[],"categories":[16,12,8],"tags":[],"_links":{"self":[{"href":"https:\/\/www.revistarescatados.com.ar\/web\/wp-json\/wp\/v2\/posts\/20025"}],"collection":[{"href":"https:\/\/www.revistarescatados.com.ar\/web\/wp-json\/wp\/v2\/posts"}],"about":[{"href":"https:\/\/www.revistarescatados.com.ar\/web\/wp-json\/wp\/v2\/types\/post"}],"author":[{"embeddable":true,"href":"https:\/\/www.revistarescatados.com.ar\/web\/wp-json\/wp\/v2\/users\/1"}],"replies":[{"embeddable":true,"href":"https:\/\/www.revistarescatados.com.ar\/web\/wp-json\/wp\/v2\/comments?post=20025"}],"version-history":[{"count":1,"href":"https:\/\/www.revistarescatados.com.ar\/web\/wp-json\/wp\/v2\/posts\/20025\/revisions"}],"predecessor-version":[{"id":20027,"href":"https:\/\/www.revistarescatados.com.ar\/web\/wp-json\/wp\/v2\/posts\/20025\/revisions\/20027"}],"wp:featuredmedia":[{"embeddable":true,"href":"https:\/\/www.revistarescatados.com.ar\/web\/wp-json\/wp\/v2\/media\/20026"}],"wp:attachment":[{"href":"https:\/\/www.revistarescatados.com.ar\/web\/wp-json\/wp\/v2\/media?parent=20025"}],"wp:term":[{"taxonomy":"category","embeddable":true,"href":"https:\/\/www.revistarescatados.com.ar\/web\/wp-json\/wp\/v2\/categories?post=20025"},{"taxonomy":"post_tag","embeddable":true,"href":"https:\/\/www.revistarescatados.com.ar\/web\/wp-json\/wp\/v2\/tags?post=20025"}],"curies":[{"name":"wp","href":"https:\/\/api.w.org\/{rel}","templated":true}]}}