{"id":20034,"date":"2023-06-23T21:28:19","date_gmt":"2023-06-24T00:28:19","guid":{"rendered":"https:\/\/www.revistarescatados.com.ar\/web\/?p=20034"},"modified":"2023-06-23T21:51:35","modified_gmt":"2023-06-24T00:51:35","slug":"en-margarita-recuperaron-una-moto-robada-en-calchaqui","status":"publish","type":"post","link":"https:\/\/www.revistarescatados.com.ar\/web\/2023\/06\/23\/en-margarita-recuperaron-una-moto-robada-en-calchaqui\/","title":{"rendered":"En Margarita, recuperaron una moto robada en Calchaqu\u00ed"},"content":{"rendered":"\n<p><strong><mark style=\"background-color:rgba(0, 0, 0, 0)\" class=\"has-inline-color has-vivid-red-color\">Este viernes, dos hombres de 24 y 25 a\u00f1os quedaron imputados en la sustracci\u00f3n de una moto que estaba estacionada en la galer\u00eda de la vivienda de un ex concejal de Calchaqu\u00ed en barrio Guadalupe. El hurto fue esclarecido por la polic\u00eda local, aunque los malhechores se hab\u00edan trasladado hasta paraje El Toba. Tras las diligencias de rigor, recuperaron su libertad.<\/mark><\/strong><\/p>\n\n\n\n<figure class=\"wp-block-image size-large\"><img loading=\"lazy\" width=\"1024\" height=\"771\" src=\"https:\/\/www.revistarescatados.com.ar\/web\/wp-content\/uploads\/2023\/06\/Moto-recuperada-1024x771.jpg\" alt=\"\" class=\"wp-image-20035\" srcset=\"https:\/\/www.revistarescatados.com.ar\/web\/wp-content\/uploads\/2023\/06\/Moto-recuperada-1024x771.jpg 1024w, https:\/\/www.revistarescatados.com.ar\/web\/wp-content\/uploads\/2023\/06\/Moto-recuperada-300x226.jpg 300w, https:\/\/www.revistarescatados.com.ar\/web\/wp-content\/uploads\/2023\/06\/Moto-recuperada-768x578.jpg 768w, https:\/\/www.revistarescatados.com.ar\/web\/wp-content\/uploads\/2023\/06\/Moto-recuperada-1536x1156.jpg 1536w, https:\/\/www.revistarescatados.com.ar\/web\/wp-content\/uploads\/2023\/06\/Moto-recuperada.jpg 1600w\" sizes=\"(max-width: 1024px) 100vw, 1024px\" \/><\/figure>\n\n\n\n<p>Personal policial de la Comisaria segunda de Calchaqu\u00ed recibe una denuncia, este viernes 23 de junio, dando cuenta que autor\/es de identidad\/es ignoradas le sustrajeron desde una galer\u00eda de su vivienda una motocicleta Zanella ZB 110 cc de color negra. <\/p>\n\n\n\n<p>Adem\u00e1s, la notificaci\u00f3n  agrega que su asiento era de color negro original de cuerina y con detalles; adem\u00e1s las llantas de aleaci\u00f3n de color gris, cubiertas en buen estado, un solo espejo retrovisor, dos calcoman\u00edas en los laterales de color rojo y blanco.<\/p>\n\n\n\n<p> Mediante averiguaciones practicadas por funcionarios policiales de Calchaqu\u00ed establecen que no serian ajenos al il\u00edcito dos j\u00f3venes de 25 a\u00f1os y 24 a\u00f1os, identificados como A.P y M.C, ambos domiciliados en esta ciudad. Ambos se hab\u00edan trasladado con el moto veh\u00edculo al Paraje El Toba, jurisdicci\u00f3n de Margarita.<\/p>\n\n\n\n<p>Con la colaboraci\u00f3n de la comisar\u00eda cuarta, el personal  de la comisar\u00eda II de Calchaqu\u00ed procedi\u00f3 al secuestro de la moto y a la aprehensi\u00f3n de los malhechores. Fueron trasladados a la sede la comisaria de Calchaqu\u00ed.<\/p>\n\n\n\n<p>Interiorizado el fiscal en turno orden\u00f3 que finalizadas las diligencias los sujetos recuperen su estado de libertad y el moto veh\u00edculo sea entregado al damnificado Dar\u00edo Aguirre, quien fuera concejal (MC) y jefe policial en la ciudad.<\/p>\n","protected":false},"excerpt":{"rendered":"<p>Este viernes, dos hombres de 24 y 25 a\u00f1os quedaron imputados en la sustracci\u00f3n de una moto que estaba estacionada en la galer\u00eda de la vivienda de un ex concejal de Calchaqu\u00ed&#46;&#46;&#46;<\/p>\n","protected":false},"author":1,"featured_media":20035,"comment_status":"closed","ping_status":"closed","sticky":false,"template":"","format":"standard","meta":[],"categories":[2,16,11],"tags":[],"_links":{"self":[{"href":"https:\/\/www.revistarescatados.com.ar\/web\/wp-json\/wp\/v2\/posts\/20034"}],"collection":[{"href":"https:\/\/www.revistarescatados.com.ar\/web\/wp-json\/wp\/v2\/posts"}],"about":[{"href":"https:\/\/www.revistarescatados.com.ar\/web\/wp-json\/wp\/v2\/types\/post"}],"author":[{"embeddable":true,"href":"https:\/\/www.revistarescatados.com.ar\/web\/wp-json\/wp\/v2\/users\/1"}],"replies":[{"embeddable":true,"href":"https:\/\/www.revistarescatados.com.ar\/web\/wp-json\/wp\/v2\/comments?post=20034"}],"version-history":[{"count":2,"href":"https:\/\/www.revistarescatados.com.ar\/web\/wp-json\/wp\/v2\/posts\/20034\/revisions"}],"predecessor-version":[{"id":20038,"href":"https:\/\/www.revistarescatados.com.ar\/web\/wp-json\/wp\/v2\/posts\/20034\/revisions\/20038"}],"wp:featuredmedia":[{"embeddable":true,"href":"https:\/\/www.revistarescatados.com.ar\/web\/wp-json\/wp\/v2\/media\/20035"}],"wp:attachment":[{"href":"https:\/\/www.revistarescatados.com.ar\/web\/wp-json\/wp\/v2\/media?parent=20034"}],"wp:term":[{"taxonomy":"category","embeddable":true,"href":"https:\/\/www.revistarescatados.com.ar\/web\/wp-json\/wp\/v2\/categories?post=20034"},{"taxonomy":"post_tag","embeddable":true,"href":"https:\/\/www.revistarescatados.com.ar\/web\/wp-json\/wp\/v2\/tags?post=20034"}],"curies":[{"name":"wp","href":"https:\/\/api.w.org\/{rel}","templated":true}]}}