{"id":20039,"date":"2023-06-23T22:25:04","date_gmt":"2023-06-24T01:25:04","guid":{"rendered":"https:\/\/www.revistarescatados.com.ar\/web\/?p=20039"},"modified":"2023-06-23T22:25:08","modified_gmt":"2023-06-24T01:25:08","slug":"el-senador-sosa-acompano-al-precandidato-a-gobernador-marcelo-lewandowski-en-vera-y-calchaqui-video","status":"publish","type":"post","link":"https:\/\/www.revistarescatados.com.ar\/web\/2023\/06\/23\/el-senador-sosa-acompano-al-precandidato-a-gobernador-marcelo-lewandowski-en-vera-y-calchaqui-video\/","title":{"rendered":"El senador Sosa acompa\u00f1\u00f3 al precandidato a gobernador Marcelo Lewandowski en Vera y Calchaqu\u00ed (video)"},"content":{"rendered":"\n<p><strong><mark style=\"background-color:rgba(0, 0, 0, 0)\" class=\"has-inline-color has-vivid-red-color\">En la ciudad de Vera, se presentaron a todos los precandidatos de la Lista Elijo Hacer en el departamento Vera . Tambi\u00e9n hubo un importante acto de la militancia justicialista en Calchaqu\u00ed.<\/mark><\/strong><\/p>\n\n\n\n<figure class=\"wp-block-image size-large\"><img loading=\"lazy\" width=\"1024\" height=\"576\" src=\"https:\/\/www.revistarescatados.com.ar\/web\/wp-content\/uploads\/2023\/06\/Sosa-presenta-candidatos-1024x576.jpg\" alt=\"\" class=\"wp-image-20040\" srcset=\"https:\/\/www.revistarescatados.com.ar\/web\/wp-content\/uploads\/2023\/06\/Sosa-presenta-candidatos-1024x576.jpg 1024w, https:\/\/www.revistarescatados.com.ar\/web\/wp-content\/uploads\/2023\/06\/Sosa-presenta-candidatos-300x169.jpg 300w, https:\/\/www.revistarescatados.com.ar\/web\/wp-content\/uploads\/2023\/06\/Sosa-presenta-candidatos-768x432.jpg 768w, https:\/\/www.revistarescatados.com.ar\/web\/wp-content\/uploads\/2023\/06\/Sosa-presenta-candidatos-1536x864.jpg 1536w, https:\/\/www.revistarescatados.com.ar\/web\/wp-content\/uploads\/2023\/06\/Sosa-presenta-candidatos.jpg 2048w\" sizes=\"(max-width: 1024px) 100vw, 1024px\" \/><\/figure>\n\n\n\n<p><br>&#8220;Participamos del acto de presentaci\u00f3n de todos los referentes en cada uno de los distritos, apoyando la f\u00f3rmula que seguramente ser\u00e1 gobernador y vice: Marcelo Lewandowski y Silvina Frana&#8221;, se\u00f1al\u00f3 el senador Osvaldo Sosa.<\/p>\n\n\n\n<p><br>&#8220;Vamos a buscar siempre el compromiso de todos y la unidad del peronismo que nos permita seguir gobernando la provincia de Santa Fe, el departamento Vera y cada uno de los distritos, y seguir de esa manera, transformando nuestras realidades, con obras concretas y estructurales que cambien de verdad la calidad de Vida de nuestros pueblos&#8221;, destac\u00f3 Sosa, acompa\u00f1ado de Carla Diez precandidata a senadora suplente.<\/p>\n\n\n\n<p><br>Por la noche del jueves 22 de junio, se llevo a cabo un nutrido acto de militantes en la sede del centro Recreativo Calchaqu\u00ed.<\/p>\n\n\n\n<iframe loading=\"lazy\" src=\"https:\/\/www.facebook.com\/plugins\/video.php?height=314&#038;href=https%3A%2F%2Fwww.facebook.com%2Frescatados.calchaqui.5%2Fvideos%2F585233537068346%2F&#038;show_text=true&#038;width=560&#038;t=0\" width=\"560\" height=\"429\" style=\"border:none;overflow:hidden\" scrolling=\"no\" frameborder=\"0\" allowfullscreen=\"true\" allow=\"autoplay; clipboard-write; encrypted-media; picture-in-picture; web-share\" allowFullScreen=\"true\"><\/iframe>\n","protected":false},"excerpt":{"rendered":"<p>En la ciudad de Vera, se presentaron a todos los precandidatos de la Lista Elijo Hacer en el departamento Vera . Tambi\u00e9n hubo un importante acto de la militancia justicialista en Calchaqu\u00ed.&#46;&#46;&#46;<\/p>\n","protected":false},"author":1,"featured_media":20040,"comment_status":"closed","ping_status":"closed","sticky":false,"template":"","format":"standard","meta":[],"categories":[2,3,16,13],"tags":[],"_links":{"self":[{"href":"https:\/\/www.revistarescatados.com.ar\/web\/wp-json\/wp\/v2\/posts\/20039"}],"collection":[{"href":"https:\/\/www.revistarescatados.com.ar\/web\/wp-json\/wp\/v2\/posts"}],"about":[{"href":"https:\/\/www.revistarescatados.com.ar\/web\/wp-json\/wp\/v2\/types\/post"}],"author":[{"embeddable":true,"href":"https:\/\/www.revistarescatados.com.ar\/web\/wp-json\/wp\/v2\/users\/1"}],"replies":[{"embeddable":true,"href":"https:\/\/www.revistarescatados.com.ar\/web\/wp-json\/wp\/v2\/comments?post=20039"}],"version-history":[{"count":1,"href":"https:\/\/www.revistarescatados.com.ar\/web\/wp-json\/wp\/v2\/posts\/20039\/revisions"}],"predecessor-version":[{"id":20041,"href":"https:\/\/www.revistarescatados.com.ar\/web\/wp-json\/wp\/v2\/posts\/20039\/revisions\/20041"}],"wp:featuredmedia":[{"embeddable":true,"href":"https:\/\/www.revistarescatados.com.ar\/web\/wp-json\/wp\/v2\/media\/20040"}],"wp:attachment":[{"href":"https:\/\/www.revistarescatados.com.ar\/web\/wp-json\/wp\/v2\/media?parent=20039"}],"wp:term":[{"taxonomy":"category","embeddable":true,"href":"https:\/\/www.revistarescatados.com.ar\/web\/wp-json\/wp\/v2\/categories?post=20039"},{"taxonomy":"post_tag","embeddable":true,"href":"https:\/\/www.revistarescatados.com.ar\/web\/wp-json\/wp\/v2\/tags?post=20039"}],"curies":[{"name":"wp","href":"https:\/\/api.w.org\/{rel}","templated":true}]}}