{"id":20080,"date":"2023-06-29T00:51:27","date_gmt":"2023-06-29T03:51:27","guid":{"rendered":"https:\/\/www.revistarescatados.com.ar\/web\/?p=20080"},"modified":"2023-06-29T00:51:31","modified_gmt":"2023-06-29T03:51:31","slug":"en-san-javier-detuvieron-a-un-policia-que-abusaba-de-sus-hijastras","status":"publish","type":"post","link":"https:\/\/www.revistarescatados.com.ar\/web\/2023\/06\/29\/en-san-javier-detuvieron-a-un-policia-que-abusaba-de-sus-hijastras\/","title":{"rendered":"En San Javier, detuvieron a un polic\u00eda que abusaba de sus hijastras"},"content":{"rendered":"\n<p><\/p>\n\n\n\n<p><strong>Las adolescentes fueron abusadas en la \u00e9poca en la que iban a la escuela secundaria. El detenido de 41 a\u00f1os tambi\u00e9n hab\u00eda destruido evidencia de la causa en 2015.<\/strong><\/p>\n\n\n\n<figure class=\"wp-block-image size-large\"><img loading=\"lazy\" width=\"1024\" height=\"633\" src=\"https:\/\/www.revistarescatados.com.ar\/web\/wp-content\/uploads\/2023\/06\/secuestro-en-san-javier-1024x633.jpg\" alt=\"\" class=\"wp-image-20081\" srcset=\"https:\/\/www.revistarescatados.com.ar\/web\/wp-content\/uploads\/2023\/06\/secuestro-en-san-javier-1024x633.jpg 1024w, https:\/\/www.revistarescatados.com.ar\/web\/wp-content\/uploads\/2023\/06\/secuestro-en-san-javier-300x185.jpg 300w, https:\/\/www.revistarescatados.com.ar\/web\/wp-content\/uploads\/2023\/06\/secuestro-en-san-javier-768x475.jpg 768w, https:\/\/www.revistarescatados.com.ar\/web\/wp-content\/uploads\/2023\/06\/secuestro-en-san-javier.jpg 1280w\" sizes=\"(max-width: 1024px) 100vw, 1024px\" \/><\/figure>\n\n\n\n<p>El Departamento Operativo de Investigaci\u00f3n de la Agencia de Investigaci\u00f3n Criminal dependiente del Ministerio de Seguridad, detuvo el pasado lunes a un polic\u00eda de 41 a\u00f1os, bajo instrucciones del MPA en el marco de una denuncia por abuso sexual.<\/p>\n\n\n\n<p>Tambi\u00e9n se le atribuy\u00f3 haber destruido evidencias de esta y de otras investigaciones penales mediante un incendio cometido en la sede de la Unidad Fiscal San Javier del MPA en 2015. La atribuci\u00f3n delictiva fue realizada ante el juez de la Investigaci\u00f3n Penal Preparatoria (IPP), Nicol\u00e1s Falkenberg, en una audiencia que se desarroll\u00f3 esta ma\u00f1ana en los tribunales de la ciudad de Santa Fe.<\/p>\n\n\n\n<p>La Fiscal\u00eda inform\u00f3 que \u201calgunos de los delitos contra la integridad sexual fueron cometidos antes del incendio y otros, despu\u00e9s\u201d. En tal sentido, se destac\u00f3 que \u201clas diligencias llevadas a cabo en el marco de la investigaci\u00f3n de los abusos m\u00e1s recientes permitieron avanzar en el esclarecimiento de los otros il\u00edcitos\u201d.<\/p>\n\n\n\n<p>El MPA manifest\u00f3 que \u201ca partir de herramientas tecnol\u00f3gicas incorporadas en el \u00faltimo tiempo, se obtuvo informaci\u00f3n relevante para ampliar la imputaci\u00f3n\u201d. A su vez, se agreg\u00f3 que producto de los allanamientos los agentes lograron secuestrar tel\u00e9fonos celulares que ya fueron remitidos para ser peritados y varias armas de fuego de inter\u00e9s para la causa.<\/p>\n\n\n\n<p>\u201cLas adolescentes fueron abusadas en la \u00e9poca en la que iban a la escuela secundaria, una entre 2011 y 2014 y la otra, entre 2018 y 2020\u201d, se puntualiz\u00f3 y plante\u00f3 que \u201cel polic\u00eda agredi\u00f3 sexualmente a las hijas de sus parejas, les tom\u00f3 fotograf\u00edas y las film\u00f3 en el marco de los sometimientos\u201d. Al respecto, se asegur\u00f3 que \u201cestos hechos se repitieron durante a\u00f1os, por lo que tuvieron entidad suficiente para afectar su salud f\u00edsica y psicol\u00f3gica\u201d.<\/p>\n\n\n\n<p><strong>Prisi\u00f3n preventiva<br><\/strong>La audiencia de medidas cautelares se desarrollar\u00e1 el pr\u00f3ximo viernes en horario a confirmar por la Oficina de Gesti\u00f3n Judicial (OGJ) de los tribunales de la capital provincial. En tanto, la Fiscal\u00eda adelant\u00f3 que solicitar\u00e1 la prisi\u00f3n preventiva del hombre investigado.<\/p>\n","protected":false},"excerpt":{"rendered":"<p>Las adolescentes fueron abusadas en la \u00e9poca en la que iban a la escuela secundaria. El detenido de 41 a\u00f1os tambi\u00e9n hab\u00eda destruido evidencia de la causa en 2015. El Departamento Operativo&#46;&#46;&#46;<\/p>\n","protected":false},"author":1,"featured_media":20081,"comment_status":"closed","ping_status":"closed","sticky":false,"template":"","format":"standard","meta":[],"categories":[5,16,11],"tags":[],"_links":{"self":[{"href":"https:\/\/www.revistarescatados.com.ar\/web\/wp-json\/wp\/v2\/posts\/20080"}],"collection":[{"href":"https:\/\/www.revistarescatados.com.ar\/web\/wp-json\/wp\/v2\/posts"}],"about":[{"href":"https:\/\/www.revistarescatados.com.ar\/web\/wp-json\/wp\/v2\/types\/post"}],"author":[{"embeddable":true,"href":"https:\/\/www.revistarescatados.com.ar\/web\/wp-json\/wp\/v2\/users\/1"}],"replies":[{"embeddable":true,"href":"https:\/\/www.revistarescatados.com.ar\/web\/wp-json\/wp\/v2\/comments?post=20080"}],"version-history":[{"count":1,"href":"https:\/\/www.revistarescatados.com.ar\/web\/wp-json\/wp\/v2\/posts\/20080\/revisions"}],"predecessor-version":[{"id":20082,"href":"https:\/\/www.revistarescatados.com.ar\/web\/wp-json\/wp\/v2\/posts\/20080\/revisions\/20082"}],"wp:featuredmedia":[{"embeddable":true,"href":"https:\/\/www.revistarescatados.com.ar\/web\/wp-json\/wp\/v2\/media\/20081"}],"wp:attachment":[{"href":"https:\/\/www.revistarescatados.com.ar\/web\/wp-json\/wp\/v2\/media?parent=20080"}],"wp:term":[{"taxonomy":"category","embeddable":true,"href":"https:\/\/www.revistarescatados.com.ar\/web\/wp-json\/wp\/v2\/categories?post=20080"},{"taxonomy":"post_tag","embeddable":true,"href":"https:\/\/www.revistarescatados.com.ar\/web\/wp-json\/wp\/v2\/tags?post=20080"}],"curies":[{"name":"wp","href":"https:\/\/api.w.org\/{rel}","templated":true}]}}