{"id":20083,"date":"2023-06-29T18:37:18","date_gmt":"2023-06-29T21:37:18","guid":{"rendered":"https:\/\/www.revistarescatados.com.ar\/web\/?p=20083"},"modified":"2023-06-29T18:37:24","modified_gmt":"2023-06-29T21:37:24","slug":"dejan-sin-efecto-la-baja-de-operatividad-a-bomberos-voluntarios-de-calchaqui","status":"publish","type":"post","link":"https:\/\/www.revistarescatados.com.ar\/web\/2023\/06\/29\/dejan-sin-efecto-la-baja-de-operatividad-a-bomberos-voluntarios-de-calchaqui\/","title":{"rendered":"Dejan sin efecto la \u201cbaja de operatividad\u201d a bomberos voluntarios de Calchaqu\u00ed"},"content":{"rendered":"\n<p><\/p>\n\n\n\n<p><strong><mark style=\"background-color:rgba(0, 0, 0, 0)\" class=\"has-inline-color has-vivid-red-color\">El comit\u00e9 de \u00e9tica de la Federaci\u00f3n Santafesina de asociaciones bomberiles dej\u00f3 sin efecto \u201cla baja de operatividad dispuesta por la Federaci\u00f3n\u201d. Adem\u00e1s recibi\u00f3 un subsidio de 5 millones del estado nacional.<\/mark><\/strong><\/p>\n\n\n\n<figure class=\"wp-block-image size-large\"><img loading=\"lazy\" width=\"1024\" height=\"641\" src=\"http:\/\/www.revistarescatados.com.ar\/web\/wp-content\/uploads\/2019\/07\/Cuartel-de-bomberos-voluntarios-de-calchaqui-1024x641.jpg\" alt=\"\" class=\"wp-image-5800\" srcset=\"https:\/\/www.revistarescatados.com.ar\/web\/wp-content\/uploads\/2019\/07\/Cuartel-de-bomberos-voluntarios-de-calchaqui-1024x641.jpg 1024w, https:\/\/www.revistarescatados.com.ar\/web\/wp-content\/uploads\/2019\/07\/Cuartel-de-bomberos-voluntarios-de-calchaqui-300x188.jpg 300w, https:\/\/www.revistarescatados.com.ar\/web\/wp-content\/uploads\/2019\/07\/Cuartel-de-bomberos-voluntarios-de-calchaqui-768x481.jpg 768w, https:\/\/www.revistarescatados.com.ar\/web\/wp-content\/uploads\/2019\/07\/Cuartel-de-bomberos-voluntarios-de-calchaqui.jpg 1037w\" sizes=\"(max-width: 1024px) 100vw, 1024px\" \/><\/figure>\n\n\n\n<p>Mediante una carta documento,&nbsp; fechada el pasado 26 de junio, la Federaci\u00f3n santafesina de asociaciones de bomberos voluntarios notific\u00f3 de la resoluci\u00f3n del Comit\u00e9 de \u00c9tica del Centro de Operaciones y Capacitaciones. &nbsp;En una sesi\u00f3n realizada el pasado 15 de junio, la entidad aprob\u00f3 que \u201cla asociaci\u00f3n de bomberos voluntarios de Calchaqu\u00ed ha dado cumplimiento a la presentaci\u00f3n de \u201clos padrones &nbsp;de cuerpo activo correspondientes a los a\u00f1os 2019, 2020, 2021, 2022 y 2023 en forma legal\u201d, indica.<\/p>\n\n\n\n<p>Por ello, \u201cse debe&nbsp; tener por regularizada la situaci\u00f3n y, en consecuencia, tener por debidamente constituido su cuerpo activo conforma a las disposiciones de la ley 12969, decreto 464\/2010 y dem\u00e1s disposiciones reglamentarias vigentes\u201d, se\u00f1ala la nota.<\/p>\n\n\n\n<p>Por lo tanto, resuelve \u201cdejar sin efecto la baja de la operatividad dispuesta por la Federaci\u00f3n Santafesina de asociaciones de bomberos voluntarios respecto de la Asociaci\u00f3n de Bomberos Voluntarios Calchaqu\u00ed\u201d, afirma.<\/p>\n\n\n\n<p>Por otra parte, la asociaci\u00f3n local recibi\u00f3 un subsidio de 5 millones de la Naci\u00f3n. La ley establece porcentajes sobre lo que se puede gastar o invertir, depender\u00e1 de las necesidades operativas o estructurales del cuartel.<\/p>\n","protected":false},"excerpt":{"rendered":"<p>El comit\u00e9 de \u00e9tica de la Federaci\u00f3n Santafesina de asociaciones bomberiles dej\u00f3 sin efecto \u201cla baja de operatividad dispuesta por la Federaci\u00f3n\u201d. Adem\u00e1s recibi\u00f3 un subsidio de 5 millones del estado nacional.&#46;&#46;&#46;<\/p>\n","protected":false},"author":1,"featured_media":5800,"comment_status":"closed","ping_status":"closed","sticky":false,"template":"","format":"standard","meta":[],"categories":[2,3,16,10],"tags":[],"_links":{"self":[{"href":"https:\/\/www.revistarescatados.com.ar\/web\/wp-json\/wp\/v2\/posts\/20083"}],"collection":[{"href":"https:\/\/www.revistarescatados.com.ar\/web\/wp-json\/wp\/v2\/posts"}],"about":[{"href":"https:\/\/www.revistarescatados.com.ar\/web\/wp-json\/wp\/v2\/types\/post"}],"author":[{"embeddable":true,"href":"https:\/\/www.revistarescatados.com.ar\/web\/wp-json\/wp\/v2\/users\/1"}],"replies":[{"embeddable":true,"href":"https:\/\/www.revistarescatados.com.ar\/web\/wp-json\/wp\/v2\/comments?post=20083"}],"version-history":[{"count":1,"href":"https:\/\/www.revistarescatados.com.ar\/web\/wp-json\/wp\/v2\/posts\/20083\/revisions"}],"predecessor-version":[{"id":20084,"href":"https:\/\/www.revistarescatados.com.ar\/web\/wp-json\/wp\/v2\/posts\/20083\/revisions\/20084"}],"wp:featuredmedia":[{"embeddable":true,"href":"https:\/\/www.revistarescatados.com.ar\/web\/wp-json\/wp\/v2\/media\/5800"}],"wp:attachment":[{"href":"https:\/\/www.revistarescatados.com.ar\/web\/wp-json\/wp\/v2\/media?parent=20083"}],"wp:term":[{"taxonomy":"category","embeddable":true,"href":"https:\/\/www.revistarescatados.com.ar\/web\/wp-json\/wp\/v2\/categories?post=20083"},{"taxonomy":"post_tag","embeddable":true,"href":"https:\/\/www.revistarescatados.com.ar\/web\/wp-json\/wp\/v2\/tags?post=20083"}],"curies":[{"name":"wp","href":"https:\/\/api.w.org\/{rel}","templated":true}]}}