{"id":20087,"date":"2023-07-01T03:02:51","date_gmt":"2023-07-01T06:02:51","guid":{"rendered":"https:\/\/www.revistarescatados.com.ar\/web\/?p=20087"},"modified":"2023-07-01T03:03:26","modified_gmt":"2023-07-01T06:03:26","slug":"dionisio-scarpin-con-carolina-losada-vamos-a-transformar-el-estado-santafesino","status":"publish","type":"post","link":"https:\/\/www.revistarescatados.com.ar\/web\/2023\/07\/01\/dionisio-scarpin-con-carolina-losada-vamos-a-transformar-el-estado-santafesino\/","title":{"rendered":"Dionisio Scarpin: &#8220;Con Carolina Losada vamos a transformar el Estado santafesino&#8221;"},"content":{"rendered":"\n<p><\/p>\n\n\n\n<p><strong><mark style=\"background-color:rgba(0, 0, 0, 0)\" class=\"has-inline-color has-vivid-red-color\">El candidato a diputado provincial de la lista &#8220;Es con vos&#8221; afirm\u00f3 que el desaf\u00edo principal de la futura gobernadora ser\u00e1 modificar la forma de gestionar la provincia. &#8220;Santa Fe necesita dar vuelta de p\u00e1gina. Sin un Estado moderno, din\u00e1mico y transformador no hay posibilidades de desarrollo en nuestra provincia\u201d, expres\u00f3.<\/mark><\/strong><\/p>\n\n\n\n<figure class=\"wp-block-image size-full\"><img loading=\"lazy\" width=\"717\" height=\"641\" src=\"https:\/\/www.revistarescatados.com.ar\/web\/wp-content\/uploads\/2023\/07\/Scarpin-Losada-1.jpg\" alt=\"\" class=\"wp-image-20088\" srcset=\"https:\/\/www.revistarescatados.com.ar\/web\/wp-content\/uploads\/2023\/07\/Scarpin-Losada-1.jpg 717w, https:\/\/www.revistarescatados.com.ar\/web\/wp-content\/uploads\/2023\/07\/Scarpin-Losada-1-300x268.jpg 300w\" sizes=\"(max-width: 717px) 100vw, 717px\" \/><\/figure>\n\n\n\n<p>El candidato a diputado provincial Dionisio Scarp\u00edn de la lista \u201cEs Con Vos\u201d se expres\u00f3 sobre los desaf\u00edos que deber\u00e1n enfrentar desde el gobierno provincial: \u201cJunto a Carolina Losada vamos a transformar el Estado Santafesino. Queremos construir una provincia moderna, transparente, que sea eficiente, en la que el Estado sea el dinamizador del sector privado y no un ancla&#8221;, dijo. Adem\u00e1s agreg\u00f3: \u201cCarolina es una figura nacional y puede sentarse en el despacho de cualquier presidente a exigirle lo que Santa Fe merece. En la provincia, nos va a tener a nosotros en la C\u00e1mara de Diputados que vamos defender las transformaciones que va a encarar\u201d.<\/p>\n\n\n\n<p>En el mismo sentido, Dionisio Scarpin detall\u00f3 las pol\u00edticas que implementar\u00e1n: &#8220;Vamos a avanzar con una reforma educativa que ponga el foco en el trabajo y que ayude a nuestros j\u00f3venes a emprender, a prepararse para insertarse en el mundo laboral&#8221;, afirm\u00f3. Acerca de la inseguridad, el candidato a diputado provincial agreg\u00f3: \u201cLos santafesinos necesitamos vivir en paz. Para eso la polic\u00eda tiene que tener capacitaci\u00f3n, recursos y sobre todo un liderazgo claro como el que puede aportar Carolina\u201d.<\/p>\n\n\n\n<p>Con relaci\u00f3n a la producci\u00f3n, Dionisio Scarpin hizo hincapi\u00e9 en que van a avanzar con la reparaci\u00f3n de rutas y caminos, con la creaci\u00f3n de los consorcios rurales, van a dotar a los productores con nuevos instrumentos de financiamiento y van a acompa\u00f1arlos de manera constante. \u201cEl campo es el motor de las transformaciones que vamos a impulsar. Por eso, lo vamos a dejar hacer lo que sabe hacer\u201d, remarc\u00f3.<\/p>\n\n\n\n<p>En tanto, con referencia a cu\u00e1l es la forma en la que llevar\u00e1n adelante estos cambios profundos, el candidato a diputado provincial indic\u00f3 que se va a abrir un proceso de di\u00e1logo con todas las instituciones. Adem\u00e1s a\u00f1adi\u00f3: \u201cEllas tienen que formar parte de la construcci\u00f3n de las pol\u00edticas p\u00fablicas, porque esa participaci\u00f3n asegura la continuidad en el tiempo de las decisiones. Con Carolina estamos convencidos de que el di\u00e1logo no es una opci\u00f3n, es una obligaci\u00f3n para gobernar\u201d.<br>El 20 de julio se licitar\u00e1n las 52 viviendas en Calchaqu\u00ed<\/p>\n","protected":false},"excerpt":{"rendered":"<p>El candidato a diputado provincial de la lista &#8220;Es con vos&#8221; afirm\u00f3 que el desaf\u00edo principal de la futura gobernadora ser\u00e1 modificar la forma de gestionar la provincia. &#8220;Santa Fe necesita dar&#46;&#46;&#46;<\/p>\n","protected":false},"author":1,"featured_media":20088,"comment_status":"closed","ping_status":"closed","sticky":false,"template":"","format":"standard","meta":[],"categories":[16,13,12],"tags":[],"_links":{"self":[{"href":"https:\/\/www.revistarescatados.com.ar\/web\/wp-json\/wp\/v2\/posts\/20087"}],"collection":[{"href":"https:\/\/www.revistarescatados.com.ar\/web\/wp-json\/wp\/v2\/posts"}],"about":[{"href":"https:\/\/www.revistarescatados.com.ar\/web\/wp-json\/wp\/v2\/types\/post"}],"author":[{"embeddable":true,"href":"https:\/\/www.revistarescatados.com.ar\/web\/wp-json\/wp\/v2\/users\/1"}],"replies":[{"embeddable":true,"href":"https:\/\/www.revistarescatados.com.ar\/web\/wp-json\/wp\/v2\/comments?post=20087"}],"version-history":[{"count":1,"href":"https:\/\/www.revistarescatados.com.ar\/web\/wp-json\/wp\/v2\/posts\/20087\/revisions"}],"predecessor-version":[{"id":20089,"href":"https:\/\/www.revistarescatados.com.ar\/web\/wp-json\/wp\/v2\/posts\/20087\/revisions\/20089"}],"wp:featuredmedia":[{"embeddable":true,"href":"https:\/\/www.revistarescatados.com.ar\/web\/wp-json\/wp\/v2\/media\/20088"}],"wp:attachment":[{"href":"https:\/\/www.revistarescatados.com.ar\/web\/wp-json\/wp\/v2\/media?parent=20087"}],"wp:term":[{"taxonomy":"category","embeddable":true,"href":"https:\/\/www.revistarescatados.com.ar\/web\/wp-json\/wp\/v2\/categories?post=20087"},{"taxonomy":"post_tag","embeddable":true,"href":"https:\/\/www.revistarescatados.com.ar\/web\/wp-json\/wp\/v2\/tags?post=20087"}],"curies":[{"name":"wp","href":"https:\/\/api.w.org\/{rel}","templated":true}]}}