{"id":20095,"date":"2023-07-01T03:19:33","date_gmt":"2023-07-01T06:19:33","guid":{"rendered":"https:\/\/www.revistarescatados.com.ar\/web\/?p=20095"},"modified":"2023-07-01T03:19:39","modified_gmt":"2023-07-01T06:19:39","slug":"ong-de-reconquista-promueve-la-reforestacion-del-norte-santafesino","status":"publish","type":"post","link":"https:\/\/www.revistarescatados.com.ar\/web\/2023\/07\/01\/ong-de-reconquista-promueve-la-reforestacion-del-norte-santafesino\/","title":{"rendered":"ONG de Reconquista promueve la reforestaci\u00f3n del norte santafesino"},"content":{"rendered":"\n<p><\/p>\n\n\n\n<p><strong><mark style=\"background-color:rgba(0, 0, 0, 0)\" class=\"has-inline-color has-vivid-red-color\">El vivero del Instituto de Cultura Popular (INCUPO) en La Lola produce 3000 \u00e1rboles de especies nativas para la reforestaci\u00f3n del norte santafesino. Est\u00e1 abierto al p\u00fablico para visitas y la adquisici\u00f3n de plantines.<\/mark><\/strong><\/p>\n\n\n\n<p>El vivero de especies forestales nativas se encuentra ubicado en Colonia La Lola, dentro de lo que es el Centro de capacitaci\u00f3n de INCUPO.<\/p>\n\n\n\n<p>Con aproximadamente 7 a\u00f1os de vida institucional, la propuesta naci\u00f3 en el marco de la crisis ambiental en la p\u00e9rdida del 80% de los bosques de la provincia de Santa Fe.<\/p>\n\n\n\n<p>INCUPO con sus equipos propone llevar adelante esta iniciativa para disponer de individuos de especies forestales nativas, principalmente el algarrobo, pero tambi\u00e9n guayac\u00e1n y espina corona, que permitan restaurar el ambiente degradado.<\/p>\n\n\n\n<p>Actualmente, la producci\u00f3n anual es de 2500 a 3000 plantas, que luego se distribuyen de distintas maneras. \u201cCon las escuelas de la regi\u00f3n, agrot\u00e9cnicas y EFAs, promovemos la plantaci\u00f3n y pueden acceder a ejemplares.<\/p>\n\n\n\n<p>Tambi\u00e9n se provee de \u00e1rboles a instituciones del Estado, como el Ministerio de Ambiente y Cambio Clim\u00e1tico que tienen propuestas de plantaci\u00f3n en distintas localidades. Y se han acercado emprendedores privados que quieren reforestar sus campos\u201d afirma Oscar Cena, ingeniero agr\u00f3nomo encargado del proyecto y responsable t\u00e9cnico habilitado por el SENASA.<\/p>\n\n\n\n<p>El vivero es tambi\u00e9n un lugar de aprendizaje. Se realizan pasant\u00edas y pr\u00e1cticas profesionalizantes, cursos y, cada 21 de septiembre, en el aniversario de la fundaci\u00f3n de INCUPO, una jornada anual de plantaci\u00f3n, de la que participa p\u00fablico en general, comunidades educativas, profesionales, y quien desee participar.<\/p>\n\n\n\n<figure class=\"wp-block-image size-large\"><img loading=\"lazy\" width=\"1024\" height=\"614\" src=\"https:\/\/www.revistarescatados.com.ar\/web\/wp-content\/uploads\/2023\/07\/VIVERO-INCUPO-1024x614.jpeg\" alt=\"\" class=\"wp-image-20096\" srcset=\"https:\/\/www.revistarescatados.com.ar\/web\/wp-content\/uploads\/2023\/07\/VIVERO-INCUPO-1024x614.jpeg 1024w, https:\/\/www.revistarescatados.com.ar\/web\/wp-content\/uploads\/2023\/07\/VIVERO-INCUPO-300x180.jpeg 300w, https:\/\/www.revistarescatados.com.ar\/web\/wp-content\/uploads\/2023\/07\/VIVERO-INCUPO-768x461.jpeg 768w, https:\/\/www.revistarescatados.com.ar\/web\/wp-content\/uploads\/2023\/07\/VIVERO-INCUPO.jpeg 1280w\" sizes=\"(max-width: 1024px) 100vw, 1024px\" \/><\/figure>\n\n\n\n<p><strong>Abierto a todo p\u00fablico<\/strong><\/p>\n\n\n\n<p>El vivero se encuentra abierto al p\u00fablico tres d\u00edas a la semana por la ma\u00f1ana, pero es posible coordinar previamente visitas al predio en La Lola, comunic\u00e1ndose al 3482-569216.<\/p>\n\n\n\n<p>El objetivo principal de este proyecto es que se planten \u00e1rboles. Se trata de una iniciativa sin fines de lucro. Es una cadena de colaboraciones la que permite el funcionamiento y aporta a su sostenibilidad econ\u00f3mica.<\/p>\n\n\n\n<p>Quien quiera colaborar puede adquirir plantines o ayudar a que otra persona pueda plantarlos. \u201cActualmente se est\u00e1 trabajando en una idea que permita financiar plantaciones forestales en el marco de la crisis ambiental y el cambio clim\u00e1tico\u201d sostuvo Cena.<\/p>\n\n\n\n<p><strong>Los \u00e1rboles, la mejor opci\u00f3n<\/strong><\/p>\n\n\n\n<p>\u201cFrente al cambio clim\u00e1tico, la fijaci\u00f3n del di\u00f3xido de carbono y todos los servicios ambientales que produce un \u00e1rbol no tiene comparaci\u00f3n con otras medidas que se pueden tomar\u201d expresa Oscar Cena.<\/p>\n\n\n\n<p>Los \u00e1rboles tienen un valor maderable, forrajero y ambiental. Permiten atemperar la ca\u00edda de la lluvia, evitando la erosi\u00f3n de los suelos, capturar di\u00f3xido de carbono y disminuir la temperatura entre otros. En la cr\u00eda de ganado bovino, por ejemplo, el bosque nativo sirve al bienestar animal, como refugio en el calor del verano y del fr\u00edo y las lloviznas en el invierno. Los amplios beneficios que tambi\u00e9n aportan al suelo y, en general, al aumento de la biodiversidad, posibilitando la presencia de variedad de especies y la fauna silvestre que albergan, hacen a los \u00e1rboles la mejor opci\u00f3n a la regeneraci\u00f3n ambiental.<\/p>\n","protected":false},"excerpt":{"rendered":"<p>El vivero del Instituto de Cultura Popular (INCUPO) en La Lola produce 3000 \u00e1rboles de especies nativas para la reforestaci\u00f3n del norte santafesino. Est\u00e1 abierto al p\u00fablico para visitas y la adquisici\u00f3n&#46;&#46;&#46;<\/p>\n","protected":false},"author":1,"featured_media":20096,"comment_status":"closed","ping_status":"closed","sticky":false,"template":"","format":"standard","meta":[],"categories":[6,16,10,8],"tags":[],"_links":{"self":[{"href":"https:\/\/www.revistarescatados.com.ar\/web\/wp-json\/wp\/v2\/posts\/20095"}],"collection":[{"href":"https:\/\/www.revistarescatados.com.ar\/web\/wp-json\/wp\/v2\/posts"}],"about":[{"href":"https:\/\/www.revistarescatados.com.ar\/web\/wp-json\/wp\/v2\/types\/post"}],"author":[{"embeddable":true,"href":"https:\/\/www.revistarescatados.com.ar\/web\/wp-json\/wp\/v2\/users\/1"}],"replies":[{"embeddable":true,"href":"https:\/\/www.revistarescatados.com.ar\/web\/wp-json\/wp\/v2\/comments?post=20095"}],"version-history":[{"count":1,"href":"https:\/\/www.revistarescatados.com.ar\/web\/wp-json\/wp\/v2\/posts\/20095\/revisions"}],"predecessor-version":[{"id":20097,"href":"https:\/\/www.revistarescatados.com.ar\/web\/wp-json\/wp\/v2\/posts\/20095\/revisions\/20097"}],"wp:featuredmedia":[{"embeddable":true,"href":"https:\/\/www.revistarescatados.com.ar\/web\/wp-json\/wp\/v2\/media\/20096"}],"wp:attachment":[{"href":"https:\/\/www.revistarescatados.com.ar\/web\/wp-json\/wp\/v2\/media?parent=20095"}],"wp:term":[{"taxonomy":"category","embeddable":true,"href":"https:\/\/www.revistarescatados.com.ar\/web\/wp-json\/wp\/v2\/categories?post=20095"},{"taxonomy":"post_tag","embeddable":true,"href":"https:\/\/www.revistarescatados.com.ar\/web\/wp-json\/wp\/v2\/tags?post=20095"}],"curies":[{"name":"wp","href":"https:\/\/api.w.org\/{rel}","templated":true}]}}