{"id":20186,"date":"2023-07-21T00:04:31","date_gmt":"2023-07-21T03:04:31","guid":{"rendered":"https:\/\/www.revistarescatados.com.ar\/web\/?p=20186"},"modified":"2023-07-21T00:04:35","modified_gmt":"2023-07-21T03:04:35","slug":"una-calchaquisera-es-jefa-del-destacamento-de-los-pumas-que-vigila-la-vasta-region-de-los-bajos-submeridionales","status":"publish","type":"post","link":"https:\/\/www.revistarescatados.com.ar\/web\/2023\/07\/21\/una-calchaquisera-es-jefa-del-destacamento-de-los-pumas-que-vigila-la-vasta-region-de-los-bajos-submeridionales\/","title":{"rendered":"Una calchaquisera es jefa del destacamento de Los Pumas que vigila la vasta regi\u00f3n de los bajos submeridionales"},"content":{"rendered":"\n<p><strong><mark style=\"background-color:rgba(0, 0, 0, 0)\" class=\"has-inline-color has-vivid-red-color\">El pasado 18 de julio se realiz\u00f3 un peque\u00f1o pero emotivo acto de asunci\u00f3n de la nueva Jefa de la Secci\u00f3n N\u00b032 El Guanagan, perteneciente a la DGSR &#8220;Los Pumas. Se trata de la Subinspector Sabina Lastra, oriunda de la ciudad de Calchaqu\u00ed.<\/mark><\/strong><\/p>\n\n\n\n<figure class=\"wp-block-image size-full\"><img loading=\"lazy\" width=\"1024\" height=\"768\" src=\"https:\/\/www.revistarescatados.com.ar\/web\/wp-content\/uploads\/2023\/07\/Sabina-Lastra.jpg\" alt=\"\" class=\"wp-image-20187\" srcset=\"https:\/\/www.revistarescatados.com.ar\/web\/wp-content\/uploads\/2023\/07\/Sabina-Lastra.jpg 1024w, https:\/\/www.revistarescatados.com.ar\/web\/wp-content\/uploads\/2023\/07\/Sabina-Lastra-300x225.jpg 300w, https:\/\/www.revistarescatados.com.ar\/web\/wp-content\/uploads\/2023\/07\/Sabina-Lastra-768x576.jpg 768w\" sizes=\"(max-width: 1024px) 100vw, 1024px\" \/><\/figure>\n\n\n\n<p><strong><br><\/strong>La ceremonia fue presidida por el Senador por el Depto Vera, Doctor Osvaldo Sosa, el Director General de Seguridad Rural &#8220;LP&#8221; Director de Polic\u00eda Adrian L. Roland y el Sub Director Zona Centro\/Norte, Comisario Supervisor Dario E. Bled, quien luego de la lectura de la Resoluci\u00f3n 082\/23, procedi\u00f3 a poner en funciones a la nueva c\u00fapula de la Secci\u00f3n.<\/p>\n\n\n\n<p><br>La Subinspector Sabina Lastra ha adquirido experiencia y conocimientos en sus pasos por las secciones de La Gallareta, Ceres, San Justo, La Cig\u00fce\u00f1a, Villa Minetti y este \u00faltimo tiempo como segunda Jefa en El Guanagan.<br>En medio de la nada misma, donde escasea el monte pero abunda el espartillo, una mujer lidera a un grupo de rurales velando por la seguridad de los productores agropecuarios.<\/p>\n\n\n\n<p><br>Sabina Lastra indic\u00f3 que como mujer, vive esta experiencia como un desaf\u00edo m\u00e1s en su carrera policial.<\/p>\n\n\n\n<figure class=\"wp-block-image size-full\"><img loading=\"lazy\" width=\"1024\" height=\"768\" src=\"https:\/\/www.revistarescatados.com.ar\/web\/wp-content\/uploads\/2023\/07\/Sabina-Lastra-1.jpg\" alt=\"\" class=\"wp-image-20188\" srcset=\"https:\/\/www.revistarescatados.com.ar\/web\/wp-content\/uploads\/2023\/07\/Sabina-Lastra-1.jpg 1024w, https:\/\/www.revistarescatados.com.ar\/web\/wp-content\/uploads\/2023\/07\/Sabina-Lastra-1-300x225.jpg 300w, https:\/\/www.revistarescatados.com.ar\/web\/wp-content\/uploads\/2023\/07\/Sabina-Lastra-1-768x576.jpg 768w\" sizes=\"(max-width: 1024px) 100vw, 1024px\" \/><\/figure>\n\n\n\n<p>La secci\u00f3n N\u00b0 32 de la Direcci\u00f3n General de Seguridad Rural \u201cLos Pumas\u201d est\u00e1 en \u201cEl Guanag\u00e1n\u201d, departamento Vera, establecimiento ubicado sobre la Ruta provincial N\u00b013, 14 Km de la intersecci\u00f3n con la Ruta provincial N\u00b0 32 y unos 80 km al norte de La Cig\u00fce\u00f1a.<\/p>\n\n\n\n<p>El \u00e1rea juridisccional asignada comprende los bajos submeridionales, en el l\u00edmite de los departamentos 9 de Julio y Vera.<\/p>\n\n\n\n<p>En oportunidad de inaugurarse, en el a\u00f1o 2011, se fundament\u00f3 que respond\u00eda \u201ca la necesidad de reforzar la presencia policial en un \u00e1rea superior a las 100.000 hect\u00e1reas destinadas a la actividad agr\u00edcola ganadera del norte provincial, posibilitando un mayor control y vigilancia en la regi\u00f3n lim\u00edtrofe con la provincia de Chaco para reforzar la presencia policial en la zona y evitar el abigeato\u201d.<\/p>\n","protected":false},"excerpt":{"rendered":"<p>El pasado 18 de julio se realiz\u00f3 un peque\u00f1o pero emotivo acto de asunci\u00f3n de la nueva Jefa de la Secci\u00f3n N\u00b032 El Guanagan, perteneciente a la DGSR &#8220;Los Pumas. Se trata&#46;&#46;&#46;<\/p>\n","protected":false},"author":1,"featured_media":20187,"comment_status":"closed","ping_status":"closed","sticky":false,"template":"","format":"standard","meta":[],"categories":[2,3,16,11,8],"tags":[],"_links":{"self":[{"href":"https:\/\/www.revistarescatados.com.ar\/web\/wp-json\/wp\/v2\/posts\/20186"}],"collection":[{"href":"https:\/\/www.revistarescatados.com.ar\/web\/wp-json\/wp\/v2\/posts"}],"about":[{"href":"https:\/\/www.revistarescatados.com.ar\/web\/wp-json\/wp\/v2\/types\/post"}],"author":[{"embeddable":true,"href":"https:\/\/www.revistarescatados.com.ar\/web\/wp-json\/wp\/v2\/users\/1"}],"replies":[{"embeddable":true,"href":"https:\/\/www.revistarescatados.com.ar\/web\/wp-json\/wp\/v2\/comments?post=20186"}],"version-history":[{"count":1,"href":"https:\/\/www.revistarescatados.com.ar\/web\/wp-json\/wp\/v2\/posts\/20186\/revisions"}],"predecessor-version":[{"id":20189,"href":"https:\/\/www.revistarescatados.com.ar\/web\/wp-json\/wp\/v2\/posts\/20186\/revisions\/20189"}],"wp:featuredmedia":[{"embeddable":true,"href":"https:\/\/www.revistarescatados.com.ar\/web\/wp-json\/wp\/v2\/media\/20187"}],"wp:attachment":[{"href":"https:\/\/www.revistarescatados.com.ar\/web\/wp-json\/wp\/v2\/media?parent=20186"}],"wp:term":[{"taxonomy":"category","embeddable":true,"href":"https:\/\/www.revistarescatados.com.ar\/web\/wp-json\/wp\/v2\/categories?post=20186"},{"taxonomy":"post_tag","embeddable":true,"href":"https:\/\/www.revistarescatados.com.ar\/web\/wp-json\/wp\/v2\/tags?post=20186"}],"curies":[{"name":"wp","href":"https:\/\/api.w.org\/{rel}","templated":true}]}}