{"id":20192,"date":"2023-07-21T00:11:17","date_gmt":"2023-07-21T03:11:17","guid":{"rendered":"https:\/\/www.revistarescatados.com.ar\/web\/?p=20192"},"modified":"2023-07-21T00:11:22","modified_gmt":"2023-07-21T03:11:22","slug":"dionisio-scarpin-agradecio-el-apoyo-de-los-santafesinos-en-las-elecciones","status":"publish","type":"post","link":"https:\/\/www.revistarescatados.com.ar\/web\/2023\/07\/21\/dionisio-scarpin-agradecio-el-apoyo-de-los-santafesinos-en-las-elecciones\/","title":{"rendered":"Dionisio Scarp\u00edn agradeci\u00f3 el apoyo de los santafesinos en las elecciones"},"content":{"rendered":"\n<p><br><strong>El candidato a diputado provincial hizo especial referencia al norte de la provincia, donde recibi\u00f3 un contundente apoyo de los departamentos General Obligado, Vera, 9 de Julio y San Javier. \u201cNos ponemos a disposici\u00f3n de Maxi Pullaro y Clara Garc\u00eda, para trabajar en que Unidos para Cambiar Santa Fe gobierne la provincia y tenga la mayor\u00eda en ambas C\u00e1maras\u201d, agreg\u00f3.<\/strong><\/p>\n\n\n\n<figure class=\"wp-block-image size-full\"><img loading=\"lazy\" width=\"640\" height=\"528\" src=\"https:\/\/www.revistarescatados.com.ar\/web\/wp-content\/uploads\/2023\/07\/Scarpin.jpg\" alt=\"\" class=\"wp-image-20193\" srcset=\"https:\/\/www.revistarescatados.com.ar\/web\/wp-content\/uploads\/2023\/07\/Scarpin.jpg 640w, https:\/\/www.revistarescatados.com.ar\/web\/wp-content\/uploads\/2023\/07\/Scarpin-300x248.jpg 300w\" sizes=\"(max-width: 640px) 100vw, 640px\" \/><\/figure>\n\n\n\n<p><br>El candidato a diputado provincial de Unidos Para Cambiar Santa Fe, Dionisio Scarpin, agradeci\u00f3 el acompa\u00f1amiento de los m\u00e1s de 118.000 santafesinos que le dieron su voto en las elecciones PASO. \u201cEstoy muy feliz de saber que tantas personas valoran y apoyan, no solamente el trabajo que venimos realizando, sino tambi\u00e9n que nos apuntalan a seguir en el mismo sentido\u201d, indic\u00f3.<\/p>\n\n\n\n<p><br>Asimismo, Dionisio Scarpin hizo una referencia especial a los departamentos del norte de la provincia, donde el apoyo de los santafesinos fue contundente. \u201cLos habitantes de General Obligado, Vera, 9 de Julio y San Javier saben que conozco las necesidades y la potencialidad de esa zona. Pero tambi\u00e9n saben, que desde el lugar que est\u00e9 siempre voy a pelear por el norte santafesino\u201d, agreg\u00f3.<\/p>\n\n\n\n<p><br>Adem\u00e1s, el candidato a diputado provincial se puso a disposici\u00f3n del candidato a gobernador Maximiliano Pullaro y quien ser\u00e1 cabeza de lista de Diputados, Clara Garc\u00eda. \u201cVamos a trabajar con ellos para que Unidos para Cambiar Santa Fe sea gobierno y tenga la mayor\u00eda en ambas C\u00e1maras. Este es el \u00fanico camino para transformar la provincia\u201d, sostuvo.<\/p>\n\n\n\n<p>Fuente: Seper Noticias<\/p>\n","protected":false},"excerpt":{"rendered":"<p>El candidato a diputado provincial hizo especial referencia al norte de la provincia, donde recibi\u00f3 un contundente apoyo de los departamentos General Obligado, Vera, 9 de Julio y San Javier. \u201cNos ponemos&#46;&#46;&#46;<\/p>\n","protected":false},"author":1,"featured_media":20193,"comment_status":"closed","ping_status":"closed","sticky":false,"template":"","format":"standard","meta":[],"categories":[16,13,12],"tags":[],"_links":{"self":[{"href":"https:\/\/www.revistarescatados.com.ar\/web\/wp-json\/wp\/v2\/posts\/20192"}],"collection":[{"href":"https:\/\/www.revistarescatados.com.ar\/web\/wp-json\/wp\/v2\/posts"}],"about":[{"href":"https:\/\/www.revistarescatados.com.ar\/web\/wp-json\/wp\/v2\/types\/post"}],"author":[{"embeddable":true,"href":"https:\/\/www.revistarescatados.com.ar\/web\/wp-json\/wp\/v2\/users\/1"}],"replies":[{"embeddable":true,"href":"https:\/\/www.revistarescatados.com.ar\/web\/wp-json\/wp\/v2\/comments?post=20192"}],"version-history":[{"count":1,"href":"https:\/\/www.revistarescatados.com.ar\/web\/wp-json\/wp\/v2\/posts\/20192\/revisions"}],"predecessor-version":[{"id":20194,"href":"https:\/\/www.revistarescatados.com.ar\/web\/wp-json\/wp\/v2\/posts\/20192\/revisions\/20194"}],"wp:featuredmedia":[{"embeddable":true,"href":"https:\/\/www.revistarescatados.com.ar\/web\/wp-json\/wp\/v2\/media\/20193"}],"wp:attachment":[{"href":"https:\/\/www.revistarescatados.com.ar\/web\/wp-json\/wp\/v2\/media?parent=20192"}],"wp:term":[{"taxonomy":"category","embeddable":true,"href":"https:\/\/www.revistarescatados.com.ar\/web\/wp-json\/wp\/v2\/categories?post=20192"},{"taxonomy":"post_tag","embeddable":true,"href":"https:\/\/www.revistarescatados.com.ar\/web\/wp-json\/wp\/v2\/tags?post=20192"}],"curies":[{"name":"wp","href":"https:\/\/api.w.org\/{rel}","templated":true}]}}