{"id":20197,"date":"2023-07-21T00:27:01","date_gmt":"2023-07-21T03:27:01","guid":{"rendered":"https:\/\/www.revistarescatados.com.ar\/web\/?p=20197"},"modified":"2023-07-21T00:27:08","modified_gmt":"2023-07-21T03:27:08","slug":"festram-acordo-un-39-de-aumento-para-los-empleados-municipales-y-comunales","status":"publish","type":"post","link":"https:\/\/www.revistarescatados.com.ar\/web\/2023\/07\/21\/festram-acordo-un-39-de-aumento-para-los-empleados-municipales-y-comunales\/","title":{"rendered":"Festram acord\u00f3 un 39% de aumento para los empleados municipales y comunales"},"content":{"rendered":"\n<p><br><strong><mark style=\"background-color:rgba(0, 0, 0, 0)\" class=\"has-inline-color has-vivid-red-color\">Se acord\u00f3 un incremento sobre la pol\u00edtica salarial vigente en cada jurisdicci\u00f3n a abonarse a partir del mes de julio, en cuatro tramos y de la siguiente manera: 21% para el mes de julio, 6% para el mes de agosto, 6% para el mes de septiembre y 6% para el mes de octubre, con base salarial a enero 2023, vale decir que en el mes de Julio los trabajadores percibir\u00e1n un aumento que alcanzar\u00e1 el 57% y llegando a Octubre al 75%.<\/mark><\/strong><\/p>\n\n\n\n<p>Este 20 de julio se reuni\u00f3 la Paritaria Municipal (Ley 9996). Participaron representantes de FESTRAM y de las Municipalidades y Comunas de Venado Tuerto, Villa Gobernador G\u00e1lvez, Esperanza, Sauce Viejo, Montes de Oca y Helvecia, con la coordinaci\u00f3n de la Secretar\u00eda de Integraci\u00f3n y Fortalecimiento Institucional provincial.<\/p>\n\n\n\n<figure class=\"wp-block-image size-large\"><img loading=\"lazy\" width=\"1024\" height=\"958\" src=\"https:\/\/www.revistarescatados.com.ar\/web\/wp-content\/uploads\/2023\/07\/Paritaria-municipal-1024x958.jpg\" alt=\"\" class=\"wp-image-20198\" srcset=\"https:\/\/www.revistarescatados.com.ar\/web\/wp-content\/uploads\/2023\/07\/Paritaria-municipal-1024x958.jpg 1024w, https:\/\/www.revistarescatados.com.ar\/web\/wp-content\/uploads\/2023\/07\/Paritaria-municipal-300x281.jpg 300w, https:\/\/www.revistarescatados.com.ar\/web\/wp-content\/uploads\/2023\/07\/Paritaria-municipal-768x718.jpg 768w, https:\/\/www.revistarescatados.com.ar\/web\/wp-content\/uploads\/2023\/07\/Paritaria-municipal.jpg 1080w\" sizes=\"(max-width: 1024px) 100vw, 1024px\" \/><\/figure>\n\n\n\n<p><br>Se estableci\u00f3 un esquema de revisi\u00f3n salarial para el supuesto de que la inflaci\u00f3n acumulada por el IPC al mes de agosto supere en un 5% la pol\u00edtica salarial acordada a dicho mes. Ante este escenario, las partes reabrir\u00e1n paritarias en el mes de setiembre.<\/p>\n\n\n\n<p><br>El acuerdo alcanza al Salario M\u00ednimo Garantizado de Bolsillo, como as\u00ed tambi\u00e9n a los Jubilados y Pensionados Municipales que recibir\u00e1n los incrementos previstos en los mismos t\u00e9rminos y condiciones.<\/p>\n\n\n\n<p><br>Por \u00faltimo, las partes dejaron establecido que se reunir\u00e1n en fecha 23 de octubre a los fines de evaluar la situaci\u00f3n salarial en funci\u00f3n de la evoluci\u00f3n de las variables inflacionarias, y proceder a la revisi\u00f3n de la pol\u00edtica salarial del presente a\u00f1o.<\/p>\n","protected":false},"excerpt":{"rendered":"<p>Se acord\u00f3 un incremento sobre la pol\u00edtica salarial vigente en cada jurisdicci\u00f3n a abonarse a partir del mes de julio, en cuatro tramos y de la siguiente manera: 21% para el mes&#46;&#46;&#46;<\/p>\n","protected":false},"author":1,"featured_media":20198,"comment_status":"closed","ping_status":"closed","sticky":false,"template":"","format":"standard","meta":[],"categories":[16,10,12,8],"tags":[],"_links":{"self":[{"href":"https:\/\/www.revistarescatados.com.ar\/web\/wp-json\/wp\/v2\/posts\/20197"}],"collection":[{"href":"https:\/\/www.revistarescatados.com.ar\/web\/wp-json\/wp\/v2\/posts"}],"about":[{"href":"https:\/\/www.revistarescatados.com.ar\/web\/wp-json\/wp\/v2\/types\/post"}],"author":[{"embeddable":true,"href":"https:\/\/www.revistarescatados.com.ar\/web\/wp-json\/wp\/v2\/users\/1"}],"replies":[{"embeddable":true,"href":"https:\/\/www.revistarescatados.com.ar\/web\/wp-json\/wp\/v2\/comments?post=20197"}],"version-history":[{"count":1,"href":"https:\/\/www.revistarescatados.com.ar\/web\/wp-json\/wp\/v2\/posts\/20197\/revisions"}],"predecessor-version":[{"id":20199,"href":"https:\/\/www.revistarescatados.com.ar\/web\/wp-json\/wp\/v2\/posts\/20197\/revisions\/20199"}],"wp:featuredmedia":[{"embeddable":true,"href":"https:\/\/www.revistarescatados.com.ar\/web\/wp-json\/wp\/v2\/media\/20198"}],"wp:attachment":[{"href":"https:\/\/www.revistarescatados.com.ar\/web\/wp-json\/wp\/v2\/media?parent=20197"}],"wp:term":[{"taxonomy":"category","embeddable":true,"href":"https:\/\/www.revistarescatados.com.ar\/web\/wp-json\/wp\/v2\/categories?post=20197"},{"taxonomy":"post_tag","embeddable":true,"href":"https:\/\/www.revistarescatados.com.ar\/web\/wp-json\/wp\/v2\/tags?post=20197"}],"curies":[{"name":"wp","href":"https:\/\/api.w.org\/{rel}","templated":true}]}}