{"id":20243,"date":"2023-08-02T23:47:09","date_gmt":"2023-08-03T02:47:09","guid":{"rendered":"https:\/\/www.revistarescatados.com.ar\/web\/?p=20243"},"modified":"2023-08-02T23:47:12","modified_gmt":"2023-08-03T02:47:12","slug":"buscan-a-una-menor-de-vera-fugada-de-una-institucion-de-la-secretaria-de-ninez","status":"publish","type":"post","link":"https:\/\/www.revistarescatados.com.ar\/web\/2023\/08\/02\/buscan-a-una-menor-de-vera-fugada-de-una-institucion-de-la-secretaria-de-ninez\/","title":{"rendered":"Buscan a una menor de Vera fugada de una instituci\u00f3n de la secretar\u00eda de ni\u00f1ez"},"content":{"rendered":"\n<p><strong><mark style=\"background-color:rgba(0, 0, 0, 0)\" class=\"has-inline-color has-vivid-red-color\">Se solicita informaci\u00f3n sobre Araxis Itat\u00ed Vincolungo oriunda de Vera y Johana Noem\u00ed Contreras de Zen\u00f3n Pereyra, de 15 y 14 a\u00f1os respectivamente, alojadas en una instituci\u00f3n dependiente de la Secretar\u00eda de Derechos de la Ni\u00f1\u00e9z, Adolescencia y Familia en Rafaela.<\/mark><\/strong><\/p>\n\n\n\n<figure class=\"wp-block-image size-full\"><img loading=\"lazy\" width=\"959\" height=\"581\" src=\"https:\/\/www.revistarescatados.com.ar\/web\/wp-content\/uploads\/2023\/08\/Araxis-Vincolungo.jpeg\" alt=\"\" class=\"wp-image-20244\" srcset=\"https:\/\/www.revistarescatados.com.ar\/web\/wp-content\/uploads\/2023\/08\/Araxis-Vincolungo.jpeg 959w, https:\/\/www.revistarescatados.com.ar\/web\/wp-content\/uploads\/2023\/08\/Araxis-Vincolungo-300x182.jpeg 300w, https:\/\/www.revistarescatados.com.ar\/web\/wp-content\/uploads\/2023\/08\/Araxis-Vincolungo-768x465.jpeg 768w\" sizes=\"(max-width: 959px) 100vw, 959px\" \/><\/figure>\n\n\n\n<p>La Secretar\u00eda de Derechos Humanos de Santa Fe solicita cualquier informaci\u00f3n sobre Araxis Itat\u00ed Vincolungo. de 15 a\u00f1os, y Johana Noem\u00ed Contreras, de 14 a\u00f1os, quienes habr\u00edan sido vistas por \u00faltima vez en la ciudad de Rafaela, provincia de Santa Fe. Ambas j\u00f3venes se encontraban alojadas en una instituci\u00f3n dependiente de la Secretar\u00eda de Derechos de la Ni\u00f1\u00e9z, Adolescencia y Familia bajo una medida de protecci\u00f3n excepcional.<\/p>\n\n\n\n<p><br>Seg\u00fan consta en la denuncia, Araxis Itat\u00ed Vincolungo es oriunda de la localidad de Vera, provincia de Santa Fe, tiene tez trigue\u00f1a, contextura delgada, ojos color marrones, 1,55 de estatura, cabello casta\u00f1o corto, con trenzas de hilo en color azul.<\/p>\n\n\n\n<p>En el momento de la desaparici\u00f3n vest\u00eda un pantal\u00f3n de color negro con rayas o cuadros en color rojo y campera color negro con capucha.<\/p>\n\n\n\n<p>Johana Noem\u00ed Contreras es oriunda de la localidad de Zen\u00f3n Pereyra, provincia de Santa Fe, tiene tez blanca, contextura delgada, ojos color marrones, 1,60 de estatura, cabello casta\u00f1o ondulado, con trenzas de hilo en color rosado.<\/p>\n\n\n\n<p>Vest\u00eda un pantal\u00f3n de buzo gris y una campera color cremita con capucha.<\/p>\n\n\n\n<p>En la b\u00fasqueda interviene la Comisar\u00eda 1\u00aa UR V de Rafaela y la Fiscal\u00eda Regional V a cargo de Lorena Korakis.<\/p>\n\n\n\n<p>Se solicita la m\u00e1s amplia colaboraci\u00f3n de toda la ciudadan\u00eda a los fines de recabar informaci\u00f3n que aporte a la b\u00fasqueda.<\/p>\n\n\n\n<p>Ante cualquier dato por favor contactarse con la Secretar\u00eda de Derechos Humanos en Mendoza 3443 de la ciudad de Santa Fe o Balcarce 1145 de la ciudad de Rosario; al correo electr\u00f3nico: secretariaddhh@santafe.gov.ar y\/o registronstafe@santafe.gov.ar; o a los tel\u00e9fonos 3425357756 y 0800-5553348.<\/p>\n","protected":false},"excerpt":{"rendered":"<p>Se solicita informaci\u00f3n sobre Araxis Itat\u00ed Vincolungo oriunda de Vera y Johana Noem\u00ed Contreras de Zen\u00f3n Pereyra, de 15 y 14 a\u00f1os respectivamente, alojadas en una instituci\u00f3n dependiente de la Secretar\u00eda de&#46;&#46;&#46;<\/p>\n","protected":false},"author":1,"featured_media":20244,"comment_status":"closed","ping_status":"closed","sticky":false,"template":"","format":"standard","meta":[],"categories":[3,16,14,8],"tags":[],"_links":{"self":[{"href":"https:\/\/www.revistarescatados.com.ar\/web\/wp-json\/wp\/v2\/posts\/20243"}],"collection":[{"href":"https:\/\/www.revistarescatados.com.ar\/web\/wp-json\/wp\/v2\/posts"}],"about":[{"href":"https:\/\/www.revistarescatados.com.ar\/web\/wp-json\/wp\/v2\/types\/post"}],"author":[{"embeddable":true,"href":"https:\/\/www.revistarescatados.com.ar\/web\/wp-json\/wp\/v2\/users\/1"}],"replies":[{"embeddable":true,"href":"https:\/\/www.revistarescatados.com.ar\/web\/wp-json\/wp\/v2\/comments?post=20243"}],"version-history":[{"count":1,"href":"https:\/\/www.revistarescatados.com.ar\/web\/wp-json\/wp\/v2\/posts\/20243\/revisions"}],"predecessor-version":[{"id":20245,"href":"https:\/\/www.revistarescatados.com.ar\/web\/wp-json\/wp\/v2\/posts\/20243\/revisions\/20245"}],"wp:featuredmedia":[{"embeddable":true,"href":"https:\/\/www.revistarescatados.com.ar\/web\/wp-json\/wp\/v2\/media\/20244"}],"wp:attachment":[{"href":"https:\/\/www.revistarescatados.com.ar\/web\/wp-json\/wp\/v2\/media?parent=20243"}],"wp:term":[{"taxonomy":"category","embeddable":true,"href":"https:\/\/www.revistarescatados.com.ar\/web\/wp-json\/wp\/v2\/categories?post=20243"},{"taxonomy":"post_tag","embeddable":true,"href":"https:\/\/www.revistarescatados.com.ar\/web\/wp-json\/wp\/v2\/tags?post=20243"}],"curies":[{"name":"wp","href":"https:\/\/api.w.org\/{rel}","templated":true}]}}