{"id":20318,"date":"2023-08-09T18:23:53","date_gmt":"2023-08-09T21:23:53","guid":{"rendered":"https:\/\/www.revistarescatados.com.ar\/web\/?p=20318"},"modified":"2023-08-09T18:23:58","modified_gmt":"2023-08-09T21:23:58","slug":"llegaron-los-primeros-canos-para-avanzar-con-la-obra-del-acueducto-san-javier-tostado","status":"publish","type":"post","link":"https:\/\/www.revistarescatados.com.ar\/web\/2023\/08\/09\/llegaron-los-primeros-canos-para-avanzar-con-la-obra-del-acueducto-san-javier-tostado\/","title":{"rendered":"Llegaron los primeros ca\u00f1os para avanzar con la obra del acueducto San Javier \u2013 Tostado"},"content":{"rendered":"\n<p><\/p>\n\n\n\n<p><strong><mark style=\"background-color:rgba(0, 0, 0, 0)\" class=\"has-inline-color has-vivid-red-color\">La obra, emplazada sobre la ruta provincial N\u00ba 39, \u201cfue un compromiso del gobernador Omar Perotti y da respuesta a un reclamo hist\u00f3rico del norte provincial\u201d, destac\u00f3 Frana.<\/mark><\/strong><\/p>\n\n\n\n<figure class=\"wp-block-image size-large\"><img loading=\"lazy\" width=\"1024\" height=\"589\" src=\"https:\/\/www.revistarescatados.com.ar\/web\/wp-content\/uploads\/2023\/08\/canos-acueducto-San-Javier-Tostado-1024x589.jpg\" alt=\"\" class=\"wp-image-20319\" srcset=\"https:\/\/www.revistarescatados.com.ar\/web\/wp-content\/uploads\/2023\/08\/canos-acueducto-San-Javier-Tostado-1024x589.jpg 1024w, https:\/\/www.revistarescatados.com.ar\/web\/wp-content\/uploads\/2023\/08\/canos-acueducto-San-Javier-Tostado-300x173.jpg 300w, https:\/\/www.revistarescatados.com.ar\/web\/wp-content\/uploads\/2023\/08\/canos-acueducto-San-Javier-Tostado-768x442.jpg 768w, https:\/\/www.revistarescatados.com.ar\/web\/wp-content\/uploads\/2023\/08\/canos-acueducto-San-Javier-Tostado-1536x884.jpg 1536w, https:\/\/www.revistarescatados.com.ar\/web\/wp-content\/uploads\/2023\/08\/canos-acueducto-San-Javier-Tostado.jpg 1600w\" sizes=\"(max-width: 1024px) 100vw, 1024px\" \/><\/figure>\n\n\n\n<p>La ministra de Infraestructura, Servicios P\u00fablicos y H\u00e1bitat, Silvina Frana, confirm\u00f3 el arribo del primer cami\u00f3n con ca\u00f1os Pead (Polipropileno de Alta Densidad) al obrador ubicado en la ruta Provincial N\u00b0 39, que ser\u00e1n utilizados en la obra del Acueducto San Javier \u2013 Tostado.<br>Los ca\u00f1os tiene 710 mm de di\u00e1metro clase 6 y 25 metros de longitud.<\/p>\n\n\n\n<p>Al respecto, Frana manifest\u00f3 que &#8220;nos emociona el avance de este acueducto que financia el gobierno de la Naci\u00f3n, cuyo proyecto ejecutivo desarroll\u00f3 la provincia, y que llevar\u00e1 agua potable de calidad\u201d; y precis\u00f3 que partir\u00e1 de \u201cSan Javier, atravesando el departamento, llegando a muchas localidades del departamento San Crist\u00f3bal, y terminando en Tostado\u201d.<\/p>\n\n\n\n<p>A continuaci\u00f3n, indic\u00f3 que \u201choy llegaron los ca\u00f1os, para que ya se empiecen a colocar; y que permitir\u00e1n la extracci\u00f3n y distribuci\u00f3n de agua potable. Es una obra hist\u00f3rica para el norte provincial, que llevar\u00e1 agua dulce a m\u00e1s de 124 mil santafesinos de 14 localidades, con una inversi\u00f3n nacional que supera los 56 mil millones de pesos\u201d.<\/p>\n\n\n\n<p>\u201cEste fue un compromiso del gobernador Omar Perotti, que trabajamos desde el inicio de la gesti\u00f3n con el Ministerio de Obras P\u00fablicas de la Naci\u00f3n, en respuesta a un reclamo hist\u00f3rico del norte provincial y que hoy da un paso muy importante\u201d, resalt\u00f3 la ministra.<\/p>\n\n\n\n<p>Por \u00faltimo, Frana se\u00f1al\u00f3 que \u201cesta obra representa un paso para garantizar el derecho humano al acceso al agua potable de calidad de los habitantes de la zona. El esfuerzo y la colaboraci\u00f3n entre los diferentes niveles de gobierno han sido fundamentales para hacer realidad este proyecto que est\u00e1 en proceso de concretarse y simboliza la escucha del pueblo, el progreso y la esperanza en la regi\u00f3n\u201d, concluy\u00f3.<\/p>\n\n\n\n<figure class=\"wp-block-embed is-type-rich is-provider-gestor-del-servicio wp-block-embed-gestor-del-servicio\"><div class=\"wp-block-embed__wrapper\">\n<!--[if lt IE 9]><script>document.createElement('audio');<\/script><![endif]-->\n<audio class=\"wp-audio-shortcode\" id=\"audio-20318-1\" preload=\"none\" style=\"width: 100%;\" controls=\"controls\"><source type=\"audio\/mpeg\" src=\"https:\/\/www.santafe.gov.ar\/noticias\/recursos\/audios\/2023\/08\/2023-08-09NID_278747O_1.mp3?_=1\" \/><a href=\"https:\/\/www.santafe.gov.ar\/noticias\/recursos\/audios\/2023\/08\/2023-08-09NID_278747O_1.mp3\">https:\/\/www.santafe.gov.ar\/noticias\/recursos\/audios\/2023\/08\/2023-08-09NID_278747O_1.mp3<\/a><\/audio>\n<\/div><\/figure>\n\n\n\n<p><strong>LA OBRA<br><\/strong>El acueducto San Javier \u2013 Tostado es una de las obras h\u00eddricas m\u00e1s importantes del Plan Argentina Grande, que permitir\u00e1 que 124.000 personas de 14 localidades del norte de la provincia, que hasta al momento carecen de agua potable de calidad, accedan al agua proveniente del R\u00edo Paran\u00e1.<\/p>\n\n\n\n<p>La construcci\u00f3n del acueducto tendr\u00e1, en esta primera etapa, una extensi\u00f3n de 330 km en 7 tramos consecutivos. La obra se iniciar\u00e1 con la toma de agua en el r\u00edo San Javier y desde all\u00ed, un conducto principal la trasladar\u00e1 hasta la Planta Potabilizadora, ubicada al norte de la ciudad de San Javier.<\/p>\n\n\n\n<p>Comprende la construcci\u00f3n de nueve estaciones de bombeo a lo largo de m\u00e1s de 360 kil\u00f3metros de ca\u00f1er\u00edas. Las bombas instaladas ser\u00e1n suficientes para cumplimentar el horizonte de dise\u00f1o de los pr\u00f3ximos 10 a\u00f1os. En cuanto a las obras civiles, se construir\u00e1n las instalaciones necesarias para instalar equipos de bombeo con un horizonte a 30 a\u00f1os.<\/p>\n\n\n\n<p>La planta potabilizadora ser\u00e1 de alta tasa con una capacidad hidr\u00e1ulica de 600 litros por segundo. Adem\u00e1s, se construir\u00e1n las dependencias necesarias para su correcto funcionamiento, como ser un laboratorio, cisterna de agua tratada, estaci\u00f3n de bombeo, sala de control y oficinas. La misma se ubicar\u00e1 en un predio sobre la ruta Provincial N\u00b039, en adyacencias al cruce con la ruta Provincial N\u00b01.<\/p>\n\n\n\n<p>Adem\u00e1s, la obra contar\u00e1 con un sistema de tele supervisi\u00f3n y control en el cual se van a transmitir y recibir datos a trav\u00e9s de fibra \u00f3ptica. El mismo controlar\u00e1 \u00edntegramente en forma local y\/o remota los mecanismos que hacen al funcionamiento del acueducto.<\/p>\n\n\n\n<p><strong>LOCALIDADES BENEFICIADAS<br><\/strong>La obra completa, con todos sus ramales, alcanzar\u00e1 a las localidades de San Javier, Colonia Francesa, Colonia San Jos\u00e9, Colonia Teresa, Los Corralitos, La Brava, Colonia Dolores, San Mart\u00edn Norte, Silva, Gobernador Crespo, La Criolla, Vera y Pintado, Pedro G\u00f3mez Cello, La Penca y Caraguat\u00e1, Petronila, Villa Saralegui, Mar\u00eda Eugenia, La Lucila, \u00d1anducita, Capivara, San Crist\u00f3bal, Santurce, Aguar\u00e1 Grande, La Cabral, Huanqueros, El Aguar\u00e1, Las Avispas, Esteban Rams, Ambrosetti, Monigotes, Curupaity, Arruf\u00f3, Suardi, Ripamonti, San Guillermo, Colonia Rosa, Villa Trinidad, Colonia Ana, La Rubia, Hersilia, Ceres, Montefiore, Logro\u00f1o, Tostado, Antonio Pini, Pozo Borrado, Fort\u00edn Atahualpa, San Bernardo y Villa Minetti.<\/p>\n","protected":false},"excerpt":{"rendered":"<p>La obra, emplazada sobre la ruta provincial N\u00ba 39, \u201cfue un compromiso del gobernador Omar Perotti y da respuesta a un reclamo hist\u00f3rico del norte provincial\u201d, destac\u00f3 Frana. La ministra de Infraestructura,&#46;&#46;&#46;<\/p>\n","protected":false},"author":1,"featured_media":20319,"comment_status":"closed","ping_status":"closed","sticky":false,"template":"","format":"standard","meta":[],"categories":[5,16,13,14,8],"tags":[],"_links":{"self":[{"href":"https:\/\/www.revistarescatados.com.ar\/web\/wp-json\/wp\/v2\/posts\/20318"}],"collection":[{"href":"https:\/\/www.revistarescatados.com.ar\/web\/wp-json\/wp\/v2\/posts"}],"about":[{"href":"https:\/\/www.revistarescatados.com.ar\/web\/wp-json\/wp\/v2\/types\/post"}],"author":[{"embeddable":true,"href":"https:\/\/www.revistarescatados.com.ar\/web\/wp-json\/wp\/v2\/users\/1"}],"replies":[{"embeddable":true,"href":"https:\/\/www.revistarescatados.com.ar\/web\/wp-json\/wp\/v2\/comments?post=20318"}],"version-history":[{"count":1,"href":"https:\/\/www.revistarescatados.com.ar\/web\/wp-json\/wp\/v2\/posts\/20318\/revisions"}],"predecessor-version":[{"id":20320,"href":"https:\/\/www.revistarescatados.com.ar\/web\/wp-json\/wp\/v2\/posts\/20318\/revisions\/20320"}],"wp:featuredmedia":[{"embeddable":true,"href":"https:\/\/www.revistarescatados.com.ar\/web\/wp-json\/wp\/v2\/media\/20319"}],"wp:attachment":[{"href":"https:\/\/www.revistarescatados.com.ar\/web\/wp-json\/wp\/v2\/media?parent=20318"}],"wp:term":[{"taxonomy":"category","embeddable":true,"href":"https:\/\/www.revistarescatados.com.ar\/web\/wp-json\/wp\/v2\/categories?post=20318"},{"taxonomy":"post_tag","embeddable":true,"href":"https:\/\/www.revistarescatados.com.ar\/web\/wp-json\/wp\/v2\/tags?post=20318"}],"curies":[{"name":"wp","href":"https:\/\/api.w.org\/{rel}","templated":true}]}}