{"id":20333,"date":"2023-08-12T01:10:23","date_gmt":"2023-08-12T04:10:23","guid":{"rendered":"https:\/\/www.revistarescatados.com.ar\/web\/?p=20333"},"modified":"2023-08-12T01:11:08","modified_gmt":"2023-08-12T04:11:08","slug":"elecciones-paso-nacionales-hay-27-formulas-de-presidentes-y-36-listas-de-diputados-nacionales-por-santa-fe","status":"publish","type":"post","link":"https:\/\/www.revistarescatados.com.ar\/web\/2023\/08\/12\/elecciones-paso-nacionales-hay-27-formulas-de-presidentes-y-36-listas-de-diputados-nacionales-por-santa-fe\/","title":{"rendered":"Elecciones PASO nacionales: Hay 27 f\u00f3rmulas de presidentes y 36 listas de diputados nacionales por Santa Fe"},"content":{"rendered":"\n<p><strong>La Secretar\u00eda Electoral Nacional en Santa Fe dio detalles de las Primarias Abiertas Simult\u00e1neas y Obligatorias (PASO) que tendr\u00e1n lugar el 13 de agosto \u00a0y en la cual se elegir\u00e1n los candidatos a presidente y vice, Parlamentarios del Mercosur y Diputados Nacionales que representar\u00e1n a la provincia.<\/strong><\/p>\n\n\n\n<p><\/p>\n\n\n\n<figure class=\"wp-block-image size-full\"><img loading=\"lazy\" width=\"960\" height=\"720\" src=\"http:\/\/www.revistarescatados.com.ar\/web\/wp-content\/uploads\/2019\/04\/Elecciones-en-Calchaqui.jpg\" alt=\"\" class=\"wp-image-4747\" srcset=\"https:\/\/www.revistarescatados.com.ar\/web\/wp-content\/uploads\/2019\/04\/Elecciones-en-Calchaqui.jpg 960w, https:\/\/www.revistarescatados.com.ar\/web\/wp-content\/uploads\/2019\/04\/Elecciones-en-Calchaqui-300x225.jpg 300w, https:\/\/www.revistarescatados.com.ar\/web\/wp-content\/uploads\/2019\/04\/Elecciones-en-Calchaqui-768x576.jpg 768w\" sizes=\"(max-width: 960px) 100vw, 960px\" \/><\/figure>\n\n\n\n<p>La cantidad de electores habilitados es de 2.818.820, lo que representa el 7,86% del padr\u00f3n nacional que es de 35.843.312. Santa Fe es el tercer distrito en cantidad de votantes. Del total del padr\u00f3n provincial, 1.448.985 son mujeres (51.40%); 1.369.248 son varones (48.57%) y hay 47 electores No Binario (0,0017%). En cuanto a los menores de 18 a\u00f1os, en el padr\u00f3n figuran 81.228 &nbsp;adolescentes que est\u00e1n habilitados a votar, pero es optativo.<\/p>\n\n\n\n<p>En total ser\u00e1n unas 8.332 mesas de votaci\u00f3n distribuidas en 1429 locales en toda la provincia, con una cantidad m\u00e1xima de electores por mesa de 350. Para el normal desarrollo de los comicios, ser\u00e1n designadas dos autoridades por cada mesa. Es decir que se necesitan convocar a 16.664 personas, m\u00e1s 1429 delegados de la Justicia Electoral.&nbsp;<\/p>\n\n\n\n<p>En cuanto a las autoridades de mesa, se les pagar\u00e1 $10.000 por cada elecci\u00f3n, m\u00e1s un plus de $10.000 si participa de las tres instancias. Y para los delegados de locales, el montos de los vi\u00e1ticos ascienden a $15.000.<\/p>\n\n\n\n<p>Desde la Secretar\u00eda Electoral Nacional de Santa Fe se record\u00f3 que est\u00e1 abierto el Registro de Postulantes para Autoridades de Mesa. Deber\u00e1n completar un formulario digital en<strong>&nbsp;<\/strong><a href=\"http:\/\/www.padron.gob.ar\/cne_autoridad\"><strong>www.padron.gob.ar\/cne_autoridad<\/strong><\/a>.<\/p>\n\n\n\n<p>Se remarca que \u201cla inscripci\u00f3n no garantiza que la Secretaria Electoral del distrito lo designe como Autoridad de Mesa. Su solicitud ser\u00e1 evaluada por la Secretaria Electoral Nacional y la designaci\u00f3n efectiva, de corresponder, le ser\u00e1 oportunamente notificada\u201d.<\/p>\n\n\n\n<p>Por otra parte, se puede consultar el lugar de votaci\u00f3n en&nbsp;<a href=\"http:\/\/www.padron.gob.ar\/\"><strong>www.padron.gob.ar<\/strong><\/a>&nbsp;y se advierte que puede haber cambios en relaci\u00f3n a las elecciones provinciales del pasado 16 de julio.<\/p>\n\n\n\n<p><strong>Precandidatos<\/strong><\/p>\n\n\n\n<p>En la categor\u00eda a presidente y vice, hay 27 f\u00f3rmulas, con las principales internas en Uni\u00f3n por la Patria y Juntos por el Cambio. Pero adem\u00e1s hay expectativa por la performance de Milei, de la Izquierda y de Juan Schiaretti.<\/p>\n\n\n\n<p>Las listas ser\u00e1n las siguientes:<\/p>\n\n\n\n<ul><li><strong><em>Uni\u00f3n por la Patria&nbsp;<\/em><\/strong><\/li><\/ul>\n\n\n\n<p>Lista Celeste y Blanca: Sergio Massa &#8211; Agust\u00edn Rossi<\/p>\n\n\n\n<p>Lista Justa y Soberana: Juan Grabois &#8211; Paula Abal Medina<\/p>\n\n\n\n<ul><li><strong><em>Juntos por el Cambio<\/em><\/strong><\/li><\/ul>\n\n\n\n<p>Lista El Cambio de Nuestras Vidas: Horacio Rodr\u00edguez Larreta &#8211; Gerardo Morales<\/p>\n\n\n\n<p>Lista La Fuerza del Cambio: Patricia Bullrich &#8211; Luis Petri&nbsp;<\/p>\n\n\n\n<ul><li><strong><em>La Libertad Avanza<\/em><\/strong><\/li><\/ul>\n\n\n\n<p>Lista Libertad por Siempre: Javier Milei &#8211; Victoria Villarruel<\/p>\n\n\n\n<ul><li><strong>Hacemos por Nuestro Pa\u00eds<\/strong><\/li><\/ul>\n\n\n\n<p>Lista Hacemos: Juan Schiaretti &#8211; Florencio Randazzo<\/p>\n\n\n\n<ul><li><strong><em>Frente de Izquierda y los Trabajadores-Unidad (FIT-U)<\/em><\/strong><\/li><\/ul>\n\n\n\n<p>Lista Unir y Fortalecer la Izquierda: Myriam Bregman &#8211; Nicol\u00e1s del Ca\u00f1o (PTS)<\/p>\n\n\n\n<p>Lista Unidad de Luchadores y la izquierda: Gabriel Solano (PO) &#8211; Vilma Ripoll (MST)<\/p>\n\n\n\n<ul><li><strong><em>Nuevo MAS&nbsp;<\/em><\/strong><\/li><\/ul>\n\n\n\n<p>Lista Izquierda Anticapitalista: Manuela Casta\u00f1eira &#8211; Lucas Ruiz<\/p>\n\n\n\n<ul><li><strong><em>Pol\u00edtica Obrera<\/em><\/strong><\/li><\/ul>\n\n\n\n<p>Lista Unidad Obrera &#8211; Marcelo Ramal &#8211; Patricia Urones<\/p>\n\n\n\n<ul><li><strong><em>Libres del Sur&nbsp;<\/em><\/strong><\/li><\/ul>\n\n\n\n<p>Lista Azul y Rojo: Jes\u00fas Escobar &#8211; Marianella Lezama Hid<\/p>\n\n\n\n<ul><li><strong><em>Frente Principios y Valores<\/em><\/strong><\/li><\/ul>\n\n\n\n<p>Lista Tierra Techo y Trabajo: Guillermo Moreno &#8211; Leonardo Fabre<\/p>\n\n\n\n<p>Lista Transformar: Eliodoro Martinez &#8211; Vicente Souto<\/p>\n\n\n\n<p>Lista Tres Banderas: Jorge Oliver &#8211; Ezequiel Ricardo Emilio Britos San Mart\u00edn&nbsp;<\/p>\n\n\n\n<p>Lista Gente de Trabajo: Carina Bartolini &#8211; Mabel G\u00f3mez<\/p>\n\n\n\n<p>Lista Laborista: Paula Arias &#8211; Walter Vera&nbsp;<\/p>\n\n\n\n<ul><li><strong><em>Frente Patriota Federal<\/em><\/strong><\/li><\/ul>\n\n\n\n<p>Lista Patria Unida: C\u00e9sar Biondini &#8211; Mariel Avenda\u00f1o<\/p>\n\n\n\n<ul><li><strong><em>Frente Liber.ar<\/em><\/strong><\/li><\/ul>\n\n\n\n<p>Lista Demos: Nazareno Etchepare &#8211; Fernando Lorenzo<\/p>\n\n\n\n<p>Lista Reconquista: Ramiro Vasena &#8211; V\u00edctor Lagonegro<\/p>\n\n\n\n<p>Lista Anticorrupci\u00f3n: Julio B\u00e1rbaro &#8211; Ramona Pucheta&nbsp;<\/p>\n\n\n\n<ul><li><strong><em>Movimiento Izquierda Juventud Dignidad<\/em><\/strong><\/li><\/ul>\n\n\n\n<p>Lista Dignidad: Ra\u00fal Castells &#8211; Adriana Reinoso<\/p>\n\n\n\n<p>Lista Confederal: Santiago C\u00faneo &#8211; Gustavo Barranco<\/p>\n\n\n\n<ul><li><strong><em>Proyecto Joven<\/em><\/strong><\/li><\/ul>\n\n\n\n<p>Lista Paz, Democracia y Soberan\u00eda: Mempo Giardinelli &#8211; B\u00e1rbara Salernou<\/p>\n\n\n\n<p>Lista Patria Unida: Mart\u00edn Ayerbe Ortiz &#8211; Hugo Rodriguez<\/p>\n\n\n\n<p>Lista Todex: Reina Xiomara Iba\u00f1ez &#8211; Gonzalo Rodrigo Ibarra<\/p>\n\n\n\n<ul><li><strong><em>Uni\u00f3n del Centro Democr\u00e1tico<\/em><\/strong><\/li><\/ul>\n\n\n\n<p>Lista Apertura Liberal Argentina: Andr\u00e9s Passamonti &#8211; Pamela Margaride Fernandez<\/p>\n\n\n\n<ul><li><strong><em>Movimiento de Acci\u00f3n Vecinal Orden Nacional<\/em><\/strong><\/li><\/ul>\n\n\n\n<p>Lista Compromiso Vecinal: Humberto Albarrac\u00edn &#8211; Dar\u00edo Pastore<\/p>\n\n\n\n<h2>Legisladores\u00a0<\/h2>\n\n\n\n<p>En cuanto a la renovaci\u00f3n de las 10 bancas de Diputados Nacionales y un Parlamentario del Mercosur, en total ser\u00e1n 36 las listas distribuidas en 16 &nbsp;frentes electorales.<\/p>\n\n\n\n<p>Uni\u00f3n por la Patria: Germ\u00e1n Mart\u00ednez, Florencia Carignano y Diego Giuliano para el Congreso y Ricardo Olivera como Parlasur.<\/p>\n\n\n\n<p><strong>Juntos por el Cambio<\/strong><\/p>\n\n\n\n<p>El Cambio de Nuestras Vidas postula a Juan Cruz C\u00e1ndido, Ver\u00f3nica Razzini y Gerardo Colotti m\u00e1s Mauricio Giraudo para Parlasur.&nbsp;<\/p>\n\n\n\n<p>La Fuerza del Cambio inscribi\u00f3 a Jos\u00e9 Nu\u00f1ez, Mar\u00eda Serra y Alejandro Bongiovani m\u00e1s Oscar Ponticelli para el parlamento regional.<\/p>\n\n\n\n<p>La Fuerza de Santa Fe: Esteban Paul\u00f3n, Rita Garc\u00eda y Nicol\u00e1s Lungo m\u00e1s Gustavo Leone a Parlasur.<\/p>\n\n\n\n<p>Partido Autonomista<\/p>\n\n\n\n<p>Autonomista en Marcha con Nicol\u00e1s Rossetton para Diputadoy y Raimar Ataide para Parlasur;<\/p>\n\n\n\n<p>Dignidad Animal: Maximiliano Morilla y Nicol\u00e1s de la Cruz;<\/p>\n\n\n\n<p>Renacer con Gast\u00f3n Sguazzini y Alejandro Acebal<\/p>\n\n\n\n<p>Futuro Mejor con Luis Bortule y Diego Ben\u00edtez Arce.<\/p>\n\n\n\n<p>Movimiento Libres del Sur: Gabriela Sosa para el Congreso y Lilina Aguirre para el Parlasur.<\/p>\n\n\n\n<p>Partido Fe:<\/p>\n\n\n\n<p>Siempre con Fe con Juan Flaherty y Marcelo Barreto;<\/p>\n\n\n\n<p>Vamos con Fe con Pamela Perino e Ivana Veren<\/p>\n\n\n\n<p>Nuevo Horizonte con Emiliano Franco y El\u00edas G\u00f3mez.<\/p>\n\n\n\n<p>Movimiento Independiente Renovador: &nbsp;Mara Ferrari y Juan Carlos Milan\u00e9s.<\/p>\n\n\n\n<p>Encuentro Republicano Federal<\/p>\n\n\n\n<p>Demos con Silvio Alfieri Raffo y Gustavo Beretta;<\/p>\n\n\n\n<p>Moderado con Walter Eiguren y Dafne Gonz\u00e1lez Lavallen<\/p>\n\n\n\n<p>Republicano Popular llevando a Elina Fern\u00e1ndez y Osvaldo Cambria.<\/p>\n\n\n\n<p>Pais (Pol\u00edtica Abierta para la Integridad Social)<\/p>\n\n\n\n<p>Con los Mismos no &nbsp;Mario Deschi y Ad\u00e1n Costa<\/p>\n\n\n\n<p>Primero Santa Fe Lorena Aramburu y Guillermo Masso.<\/p>\n\n\n\n<p>Movimiento Izquierda Juventud Dignidad: &nbsp;Marcela Dom\u00ednguez y Marcos Fr\u00edas.<\/p>\n\n\n\n<p>Proyecto Joven<\/p>\n\n\n\n<p>Patria Unida con Hugo Capacio y Nicola Giuliano;<\/p>\n\n\n\n<p>Frente Joven con Mart\u00edn Bisio y Regina Presenza<\/p>\n\n\n\n<p>Patria y Futuro con Florentino Ram\u00edrez y Jonatan Salerno.<\/p>\n\n\n\n<p>Lealtad y Dignidad.<\/p>\n\n\n\n<p>Santa Fe Primero Esteban Bogdanich e Isabel Bufarini;<\/p>\n\n\n\n<p>Producci\u00f3n y Justicia Social Rom\u00e1n Fellippelli y Rita Lassus;<\/p>\n\n\n\n<p>La Nueva Santa Fe Mauricio Bode y Elsa Gentile;<\/p>\n\n\n\n<p>Crezcamos para Santa Fe Oscar Cimino y Norma Pase;<\/p>\n\n\n\n<p>Recuperando Nuestra Cultura V\u00edctor Gauna y Ra\u00fal Mart\u00ednez;<\/p>\n\n\n\n<p>Principios Sociales Bernardo G\u00f3mez y Leonardo Studniz<\/p>\n\n\n\n<p>Unidad Santafesina &nbsp;Francisco Carnevale y Juan Domingo Lucero.<\/p>\n\n\n\n<p>La Libertad Avanza: Romina Diez Villagra, Nicol\u00e1s Mayoraz y Roc\u00edo Bonacci como diputados y Andrea Calligaris para Parlasur.<\/p>\n\n\n\n<p>Frente de Izquierda y de Trabajadores \u2013 Unidad<\/p>\n\n\n\n<p>Unir y Fortalecer la Izquierda con Octavio Crivaro y Adolfo Columbich<\/p>\n\n\n\n<p>Unidad de Luchadores y la Izquierda con Carla Deiana y Mar\u00eda Fernanda Guti\u00e9rrez.<\/p>\n\n\n\n<p>Frente Amplio por la Soberan\u00eda: Eduardo Di Pollina y Alberto Cortes.<\/p>\n\n\n\n<p>Nuevo Rumbo<\/p>\n\n\n\n<p>Vecinos con Rumbo Blanca Duarte y Mar\u00eda Laura Duarte;<\/p>\n\n\n\n<p>Por los Valores Esteban Morales y Ren\u00e9 Carrara<\/p>\n\n\n\n<p>Recreo Social con Ram\u00f3n Vill\u00e1n y Mart\u00edn Carrara.<\/p>\n","protected":false},"excerpt":{"rendered":"<p>La Secretar\u00eda Electoral Nacional en Santa Fe dio detalles de las Primarias Abiertas Simult\u00e1neas y Obligatorias (PASO) que tendr\u00e1n lugar el 13 de agosto \u00a0y en la cual se elegir\u00e1n los candidatos&#46;&#46;&#46;<\/p>\n","protected":false},"author":1,"featured_media":4747,"comment_status":"closed","ping_status":"closed","sticky":false,"template":"","format":"standard","meta":[],"categories":[16,12,8],"tags":[],"_links":{"self":[{"href":"https:\/\/www.revistarescatados.com.ar\/web\/wp-json\/wp\/v2\/posts\/20333"}],"collection":[{"href":"https:\/\/www.revistarescatados.com.ar\/web\/wp-json\/wp\/v2\/posts"}],"about":[{"href":"https:\/\/www.revistarescatados.com.ar\/web\/wp-json\/wp\/v2\/types\/post"}],"author":[{"embeddable":true,"href":"https:\/\/www.revistarescatados.com.ar\/web\/wp-json\/wp\/v2\/users\/1"}],"replies":[{"embeddable":true,"href":"https:\/\/www.revistarescatados.com.ar\/web\/wp-json\/wp\/v2\/comments?post=20333"}],"version-history":[{"count":1,"href":"https:\/\/www.revistarescatados.com.ar\/web\/wp-json\/wp\/v2\/posts\/20333\/revisions"}],"predecessor-version":[{"id":20334,"href":"https:\/\/www.revistarescatados.com.ar\/web\/wp-json\/wp\/v2\/posts\/20333\/revisions\/20334"}],"wp:featuredmedia":[{"embeddable":true,"href":"https:\/\/www.revistarescatados.com.ar\/web\/wp-json\/wp\/v2\/media\/4747"}],"wp:attachment":[{"href":"https:\/\/www.revistarescatados.com.ar\/web\/wp-json\/wp\/v2\/media?parent=20333"}],"wp:term":[{"taxonomy":"category","embeddable":true,"href":"https:\/\/www.revistarescatados.com.ar\/web\/wp-json\/wp\/v2\/categories?post=20333"},{"taxonomy":"post_tag","embeddable":true,"href":"https:\/\/www.revistarescatados.com.ar\/web\/wp-json\/wp\/v2\/tags?post=20333"}],"curies":[{"name":"wp","href":"https:\/\/api.w.org\/{rel}","templated":true}]}}