{"id":20445,"date":"2023-08-31T21:53:22","date_gmt":"2023-09-01T00:53:22","guid":{"rendered":"https:\/\/www.revistarescatados.com.ar\/web\/?p=20445"},"modified":"2023-08-31T21:53:26","modified_gmt":"2023-09-01T00:53:26","slug":"segunda-jornada-interinstitucional-sobre-ambiente-en-calchaqui","status":"publish","type":"post","link":"https:\/\/www.revistarescatados.com.ar\/web\/2023\/08\/31\/segunda-jornada-interinstitucional-sobre-ambiente-en-calchaqui\/","title":{"rendered":"Segunda jornada interinstitucional sobre ambiente en Calchaqu\u00ed"},"content":{"rendered":"\n<p><strong><mark style=\"background-color:rgba(0, 0, 0, 0)\" class=\"has-inline-color has-vivid-red-color\">La muestra realizada en el D\u00eda del \u00e1rbol y cerrando las actividades del mes de la madre tierra cont\u00f3 con la participaci\u00f3n de m\u00e1s de 35 instituciones de Calchaqu\u00ed, Vera, Margarita y Esp\u00edn.<\/mark><\/strong> <strong><mark style=\"background-color:rgba(0, 0, 0, 0)\" class=\"has-inline-color has-vivid-red-color\">Los asistentes intercambiaron objetos reciclados y reutilizados, y mostraron los trabajos que realizan para cuidar el medioambiente.<\/mark><\/strong><\/p>\n\n\n\n<figure class=\"wp-block-image size-large\"><img loading=\"lazy\" width=\"1024\" height=\"683\" src=\"https:\/\/www.revistarescatados.com.ar\/web\/wp-content\/uploads\/2023\/08\/Muestra-interinstitucional-1024x683.jpg\" alt=\"\" class=\"wp-image-20446\" srcset=\"https:\/\/www.revistarescatados.com.ar\/web\/wp-content\/uploads\/2023\/08\/Muestra-interinstitucional-1024x683.jpg 1024w, https:\/\/www.revistarescatados.com.ar\/web\/wp-content\/uploads\/2023\/08\/Muestra-interinstitucional-300x200.jpg 300w, https:\/\/www.revistarescatados.com.ar\/web\/wp-content\/uploads\/2023\/08\/Muestra-interinstitucional-768x512.jpg 768w, https:\/\/www.revistarescatados.com.ar\/web\/wp-content\/uploads\/2023\/08\/Muestra-interinstitucional-1536x1024.jpg 1536w, https:\/\/www.revistarescatados.com.ar\/web\/wp-content\/uploads\/2023\/08\/Muestra-interinstitucional.jpg 1620w\" sizes=\"(max-width: 1024px) 100vw, 1024px\" \/><\/figure>\n\n\n\n<p>La Secretaria de ambiente y cambio clim\u00e1tico, realiz\u00f3 el pasado martes 29 de agosto en el horario de 13.30 a 16 hs. Se llevo a cabo el lanzamiento del proyecto &#8220;Sembremos un \u00e1rbol por familia&#8221;. Adem\u00e1s se comparti\u00f3 la declaraci\u00f3n de Calchaqu\u00ed, ciudad de plazas, parques, paseos y senderos.<\/p>\n\n\n\n<p>El evento cont\u00f3 con la participaci\u00f3n de escuelas urbanas y rurales, entidades de bien p\u00fablico, ONG, centros de d\u00eda, biblioteca, Hogar de ancianos y las distintas \u00e1reas de la <a href=\"https:\/\/www.facebook.com\/profile.php?id=100081127844542&amp;__cft__[0]=AZUaMjwXXnVADbf9EsWqbOfFI3os8c9VQcTbBmGHaELOB_jVyxZKcemassazEMyYXgPntMdYmo_gkPvhW_G4ARaG_NnT0WPYXaq7ypui-7ojrf6OPXywbMPQidDuf2axUc5IOBSCm7nA4VPq-rhK8JtVSlxw1jK4OVo6vKmWr9LhdTr9CNs1wFpZfWSLyknAiZ4&amp;__tn__=-]K-R\">Secretar\u00eda de Medio Ambiente Gobierno de Calchaqu\u00ed<\/a>.<\/p>\n\n\n\n<iframe loading=\"lazy\" src=\"https:\/\/www.facebook.com\/plugins\/post.php?href=https%3A%2F%2Fwww.facebook.com%2Fpermalink.php%3Fstory_fbid%3Dpfbid0M4C2rNKSqpaqQXdgiEoTNGtMxLLyzmpA5k2FqHq5miLEPi8fjjbvMDAVVrRS3xYul%26id%3D100063645937298&#038;show_text=true&#038;width=500\" width=\"500\" height=\"250\" style=\"border:none;overflow:hidden\" scrolling=\"no\" frameborder=\"0\" allowfullscreen=\"true\" allow=\"autoplay; clipboard-write; encrypted-media; picture-in-picture; web-share\"><\/iframe>\n\n\n\n<p>Treinta y cinco instituciones educativas, fundaciones y ONG participaron del enuentro organizado por la secretar\u00eda de ambiente y cambio clim\u00e1tico en el Paseo de los \u00c1rboles.<\/p>\n\n\n\n<p>Hubo palabras del intendente Rub\u00e9n Cuello y el secretario Walter Figueroa. Adem\u00e1s desde la Biblioteca Popular Angel J. Medina, las escritoras locales Mar\u00eda Delia Arias, Viviana Saade y Nuni Mustazza, compartieron poes\u00edas y cuentos.<\/p>\n\n\n\n<iframe loading=\"lazy\" src=\"https:\/\/www.facebook.com\/plugins\/post.php?href=https%3A%2F%2Fwww.facebook.com%2Fpermalink.php%3Fstory_fbid%3Dpfbid022RECP942Qf6ZLaedEPUjVCxV9TuR66meVT1jRkMTpY6xC2xkEjgxHouNZESvKNZNl%26id%3D100063645937298&#038;show_text=true&#038;width=500\" width=\"500\" height=\"250\" style=\"border:none;overflow:hidden\" scrolling=\"no\" frameborder=\"0\" allowfullscreen=\"true\" allow=\"autoplay; clipboard-write; encrypted-media; picture-in-picture; web-share\"><\/iframe>\n\n\n\n<p>El secretario de ambiente y cambio clim\u00e1tico, Walter Figueroa destaco la presencia de la entidades locales, de Vera, Margarita y Esp\u00edn. Hizo referencia a la puesta en marcha del programa Sembremos un \u00e1rbol en familia como tambi\u00e9n el pronto lanzamiento del programa municipal de gesti\u00f3n de residuos s\u00f3lidos urbanos. La secretar\u00eda funciona en su nueva oficina en calle AP Justo al 1300, junto al vivero municipal. Se trabaja en dos espacios comunitarios nuevos.<\/p>\n\n\n\n<iframe loading=\"lazy\" src=\"https:\/\/www.facebook.com\/plugins\/post.php?href=https%3A%2F%2Fwww.facebook.com%2Fpermalink.php%3Fstory_fbid%3Dpfbid02tPEAV8hXdCi1PbgJHPtexqPCfCurf1XTwaNXcwXwbei1gQ4LHYaWtbd8DNf1MogTl%26id%3D100063645937298&#038;show_text=true&#038;width=500\" width=\"500\" height=\"250\" style=\"border:none;overflow:hidden\" scrolling=\"no\" frameborder=\"0\" allowfullscreen=\"true\" allow=\"autoplay; clipboard-write; encrypted-media; picture-in-picture; web-share\"><\/iframe>\n","protected":false},"excerpt":{"rendered":"<p>La muestra realizada en el D\u00eda del \u00e1rbol y cerrando las actividades del mes de la madre tierra cont\u00f3 con la participaci\u00f3n de m\u00e1s de 35 instituciones de Calchaqu\u00ed, Vera, Margarita y&#46;&#46;&#46;<\/p>\n","protected":false},"author":1,"featured_media":20446,"comment_status":"closed","ping_status":"closed","sticky":false,"template":"","format":"standard","meta":[],"categories":[2,3,16,8],"tags":[],"_links":{"self":[{"href":"https:\/\/www.revistarescatados.com.ar\/web\/wp-json\/wp\/v2\/posts\/20445"}],"collection":[{"href":"https:\/\/www.revistarescatados.com.ar\/web\/wp-json\/wp\/v2\/posts"}],"about":[{"href":"https:\/\/www.revistarescatados.com.ar\/web\/wp-json\/wp\/v2\/types\/post"}],"author":[{"embeddable":true,"href":"https:\/\/www.revistarescatados.com.ar\/web\/wp-json\/wp\/v2\/users\/1"}],"replies":[{"embeddable":true,"href":"https:\/\/www.revistarescatados.com.ar\/web\/wp-json\/wp\/v2\/comments?post=20445"}],"version-history":[{"count":1,"href":"https:\/\/www.revistarescatados.com.ar\/web\/wp-json\/wp\/v2\/posts\/20445\/revisions"}],"predecessor-version":[{"id":20447,"href":"https:\/\/www.revistarescatados.com.ar\/web\/wp-json\/wp\/v2\/posts\/20445\/revisions\/20447"}],"wp:featuredmedia":[{"embeddable":true,"href":"https:\/\/www.revistarescatados.com.ar\/web\/wp-json\/wp\/v2\/media\/20446"}],"wp:attachment":[{"href":"https:\/\/www.revistarescatados.com.ar\/web\/wp-json\/wp\/v2\/media?parent=20445"}],"wp:term":[{"taxonomy":"category","embeddable":true,"href":"https:\/\/www.revistarescatados.com.ar\/web\/wp-json\/wp\/v2\/categories?post=20445"},{"taxonomy":"post_tag","embeddable":true,"href":"https:\/\/www.revistarescatados.com.ar\/web\/wp-json\/wp\/v2\/tags?post=20445"}],"curies":[{"name":"wp","href":"https:\/\/api.w.org\/{rel}","templated":true}]}}