{"id":20450,"date":"2023-08-31T23:02:31","date_gmt":"2023-09-01T02:02:31","guid":{"rendered":"https:\/\/www.revistarescatados.com.ar\/web\/?p=20450"},"modified":"2023-08-31T23:02:35","modified_gmt":"2023-09-01T02:02:35","slug":"escuelas-rurales-del-departamento-vera-visitaron-la-legislatura-de-santa-fe","status":"publish","type":"post","link":"https:\/\/www.revistarescatados.com.ar\/web\/2023\/08\/31\/escuelas-rurales-del-departamento-vera-visitaron-la-legislatura-de-santa-fe\/","title":{"rendered":"Escuelas rurales del departamento Vera visitaron la legislatura de santa Fe"},"content":{"rendered":"\n<p><strong><mark style=\"background-color:rgba(0, 0, 0, 0)\" class=\"has-inline-color has-vivid-red-color\">El senador Osvaldo Sosa gestion\u00f3 que un contingente de alumnos rurales pudieran visitar la legislatura santafesina entre otras excursiones. Adem\u00e1s comparti\u00f3 con alumnos secundarios el proyecto &#8220;Dar es Dar&#8221; en la ciudad cabecera del departamento.<\/mark><\/strong><\/p>\n\n\n\n<figure class=\"wp-block-image size-large\"><img loading=\"lazy\" width=\"1024\" height=\"671\" src=\"https:\/\/www.revistarescatados.com.ar\/web\/wp-content\/uploads\/2023\/08\/Escuelas-rurales-de-Vera-en-la-legislatura-1024x671.jpg\" alt=\"\" class=\"wp-image-20451\" srcset=\"https:\/\/www.revistarescatados.com.ar\/web\/wp-content\/uploads\/2023\/08\/Escuelas-rurales-de-Vera-en-la-legislatura-1024x671.jpg 1024w, https:\/\/www.revistarescatados.com.ar\/web\/wp-content\/uploads\/2023\/08\/Escuelas-rurales-de-Vera-en-la-legislatura-300x196.jpg 300w, https:\/\/www.revistarescatados.com.ar\/web\/wp-content\/uploads\/2023\/08\/Escuelas-rurales-de-Vera-en-la-legislatura-768x503.jpg 768w, https:\/\/www.revistarescatados.com.ar\/web\/wp-content\/uploads\/2023\/08\/Escuelas-rurales-de-Vera-en-la-legislatura.jpg 1440w\" sizes=\"(max-width: 1024px) 100vw, 1024px\" \/><\/figure>\n\n\n\n<p><br>&#8220;Escuelas Rurales de nuestro departamento, est\u00e1n visitando la legislatura de la provincia de Santa Fe. Con un comportamiento ejemplar, como siempre lo hacen nuestros ni\u00f1os y ni\u00f1as cada vez que viajan, pudieron conocer el edificio donde funciona la C\u00e1mara de Diputados y la C\u00e1mara de Senadores&#8221;, destac\u00f3 el legislador.<\/p>\n\n\n\n<p><br><strong>ESCUELAS PRESENTES<br><\/strong>N\u00b01302 El Cerrito<br>N\u00b0605 Caraguatay<br>N\u00b0945 Km 71- Oeste Santa Lucia<br>N\u00b06329 Las Gamas<br>N\u00b0888 Margarita<br>N\u00b0499 Campo Gomila<br>N\u00b0574 Campo San Jos\u00e9<br>N\u00b0506Campo Puccini<br>N\u00b0597 Lote 184<br>N\u00b0583 Santa Felicia<br>N\u00b06193 Santa Lucia<br><\/p>\n\n\n\n<p>&#8220;Queremos felicitar a los directivos y docentes que trabajan y sacrifican mucho de su tiempo personal, para brindar oportunidades. Un cari\u00f1o grande para esos alumnos y alumnas que mediante la experiencia y entretenimiento, eligen aprender&#8221;, se\u00f1al\u00f3 Sosa.<\/p>\n\n\n\n<figure class=\"wp-block-image size-large\"><img loading=\"lazy\" width=\"1024\" height=\"1024\" src=\"https:\/\/www.revistarescatados.com.ar\/web\/wp-content\/uploads\/2023\/08\/Sosa-en-Vera-1024x1024.jpg\" alt=\"\" class=\"wp-image-20452\" srcset=\"https:\/\/www.revistarescatados.com.ar\/web\/wp-content\/uploads\/2023\/08\/Sosa-en-Vera-1024x1024.jpg 1024w, https:\/\/www.revistarescatados.com.ar\/web\/wp-content\/uploads\/2023\/08\/Sosa-en-Vera-300x300.jpg 300w, https:\/\/www.revistarescatados.com.ar\/web\/wp-content\/uploads\/2023\/08\/Sosa-en-Vera-150x150.jpg 150w, https:\/\/www.revistarescatados.com.ar\/web\/wp-content\/uploads\/2023\/08\/Sosa-en-Vera-768x768.jpg 768w, https:\/\/www.revistarescatados.com.ar\/web\/wp-content\/uploads\/2023\/08\/Sosa-en-Vera-80x80.jpg 80w, https:\/\/www.revistarescatados.com.ar\/web\/wp-content\/uploads\/2023\/08\/Sosa-en-Vera-320x320.jpg 320w, https:\/\/www.revistarescatados.com.ar\/web\/wp-content\/uploads\/2023\/08\/Sosa-en-Vera.jpg 1080w\" sizes=\"(max-width: 1024px) 100vw, 1024px\" \/><\/figure>\n\n\n\n<p><strong><mark style=\"background-color:rgba(0, 0, 0, 0)\" class=\"has-inline-color has-vivid-red-color\">Cuidemos el planeta, ejerciendo la solidaridad <\/mark><\/strong><\/p>\n\n\n\n<p><strong><mark style=\"background-color:rgba(0, 0, 0, 0)\" class=\"has-inline-color has-vivid-red-color\"><br><\/mark><\/strong>Por otra parte, el senador Osvaldo Sosa comparti\u00f3 con los alumnos de 3er a\u00f1o de la E.E.S.O. N\u00b0 259 Vera tienen un proyecto llamado &#8220;Dar es Dar&#8221; que consiste en el intercambio de alimentos no perecederos con plantines de diferentes tipos.<\/p>\n\n\n\n<p> <br>En la esquina de San Mart\u00edn y Presbitero Jos\u00e9 Houriet, el senador se acerc\u00f3 a felicitar el accionar solidario de los alumnos secundarios.<\/p>\n","protected":false},"excerpt":{"rendered":"<p>El senador Osvaldo Sosa gestion\u00f3 que un contingente de alumnos rurales pudieran visitar la legislatura santafesina entre otras excursiones. Adem\u00e1s comparti\u00f3 con alumnos secundarios el proyecto &#8220;Dar es Dar&#8221; en la ciudad&#46;&#46;&#46;<\/p>\n","protected":false},"author":1,"featured_media":20451,"comment_status":"closed","ping_status":"closed","sticky":false,"template":"","format":"standard","meta":[],"categories":[3,16,10,13],"tags":[],"_links":{"self":[{"href":"https:\/\/www.revistarescatados.com.ar\/web\/wp-json\/wp\/v2\/posts\/20450"}],"collection":[{"href":"https:\/\/www.revistarescatados.com.ar\/web\/wp-json\/wp\/v2\/posts"}],"about":[{"href":"https:\/\/www.revistarescatados.com.ar\/web\/wp-json\/wp\/v2\/types\/post"}],"author":[{"embeddable":true,"href":"https:\/\/www.revistarescatados.com.ar\/web\/wp-json\/wp\/v2\/users\/1"}],"replies":[{"embeddable":true,"href":"https:\/\/www.revistarescatados.com.ar\/web\/wp-json\/wp\/v2\/comments?post=20450"}],"version-history":[{"count":1,"href":"https:\/\/www.revistarescatados.com.ar\/web\/wp-json\/wp\/v2\/posts\/20450\/revisions"}],"predecessor-version":[{"id":20453,"href":"https:\/\/www.revistarescatados.com.ar\/web\/wp-json\/wp\/v2\/posts\/20450\/revisions\/20453"}],"wp:featuredmedia":[{"embeddable":true,"href":"https:\/\/www.revistarescatados.com.ar\/web\/wp-json\/wp\/v2\/media\/20451"}],"wp:attachment":[{"href":"https:\/\/www.revistarescatados.com.ar\/web\/wp-json\/wp\/v2\/media?parent=20450"}],"wp:term":[{"taxonomy":"category","embeddable":true,"href":"https:\/\/www.revistarescatados.com.ar\/web\/wp-json\/wp\/v2\/categories?post=20450"},{"taxonomy":"post_tag","embeddable":true,"href":"https:\/\/www.revistarescatados.com.ar\/web\/wp-json\/wp\/v2\/tags?post=20450"}],"curies":[{"name":"wp","href":"https:\/\/api.w.org\/{rel}","templated":true}]}}