{"id":2060,"date":"2018-09-24T21:18:52","date_gmt":"2018-09-25T00:18:52","guid":{"rendered":"http:\/\/www.revistarescatados.com.ar\/web\/?p=2060"},"modified":"2018-09-24T21:18:52","modified_gmt":"2018-09-25T00:18:52","slug":"inauguraron-las-obras-en-la-capilla-de-barrio-san-martin","status":"publish","type":"post","link":"https:\/\/www.revistarescatados.com.ar\/web\/2018\/09\/24\/inauguraron-las-obras-en-la-capilla-de-barrio-san-martin\/","title":{"rendered":"Inauguraron las obras en la capilla de Barrio San Mart\u00edn"},"content":{"rendered":"<p><img loading=\"lazy\" class=\"aligncenter size-full wp-image-2062\" src=\"http:\/\/www.revistarescatados.com.ar\/web\/wp-content\/uploads\/2018\/09\/capilla-san-martin.jpg\" alt=\"\" width=\"960\" height=\"720\" srcset=\"https:\/\/www.revistarescatados.com.ar\/web\/wp-content\/uploads\/2018\/09\/capilla-san-martin.jpg 960w, https:\/\/www.revistarescatados.com.ar\/web\/wp-content\/uploads\/2018\/09\/capilla-san-martin-300x225.jpg 300w, https:\/\/www.revistarescatados.com.ar\/web\/wp-content\/uploads\/2018\/09\/capilla-san-martin-768x576.jpg 768w\" sizes=\"(max-width: 960px) 100vw, 960px\" \/><\/p>\n<p><span style=\"color: #0000ff;\"><strong>Con la misa del segundo env\u00edo de comuni\u00f3n, que se celebr\u00f3 este domingo, se dejaron habilitadas las refacciones.<\/strong><\/span><\/p>\n<p>El sacerdote a cargo de la Parroquia San Luis Gonzaga \u2013 Pbro. Walter V\u00e9nica \u2013 presidi\u00f3 la celebraci\u00f3n lit\u00fargica de la que participaron decenas de ni\u00f1as y ni\u00f1os junto a familiares y allegados el pasado domingo 23 de septiembre. La misa inici\u00f3 a las 10 horas.<\/p>\n<p>Posteriormente se realiz\u00f3 una venta de empanadas y pasteles a beneficio de la Capilla Ntra. Sra. de la Merced.<\/p>\n<p><img loading=\"lazy\" class=\"aligncenter size-full wp-image-2061\" src=\"http:\/\/www.revistarescatados.com.ar\/web\/wp-content\/uploads\/2018\/09\/capilla-san-martin-1.jpg\" alt=\"\" width=\"960\" height=\"720\" srcset=\"https:\/\/www.revistarescatados.com.ar\/web\/wp-content\/uploads\/2018\/09\/capilla-san-martin-1.jpg 960w, https:\/\/www.revistarescatados.com.ar\/web\/wp-content\/uploads\/2018\/09\/capilla-san-martin-1-300x225.jpg 300w, https:\/\/www.revistarescatados.com.ar\/web\/wp-content\/uploads\/2018\/09\/capilla-san-martin-1-768x576.jpg 768w\" sizes=\"(max-width: 960px) 100vw, 960px\" \/> <img loading=\"lazy\" class=\"aligncenter size-full wp-image-2063\" src=\"http:\/\/www.revistarescatados.com.ar\/web\/wp-content\/uploads\/2018\/09\/capilla-san-martin-2.jpg\" alt=\"\" width=\"960\" height=\"540\" srcset=\"https:\/\/www.revistarescatados.com.ar\/web\/wp-content\/uploads\/2018\/09\/capilla-san-martin-2.jpg 960w, https:\/\/www.revistarescatados.com.ar\/web\/wp-content\/uploads\/2018\/09\/capilla-san-martin-2-300x169.jpg 300w, https:\/\/www.revistarescatados.com.ar\/web\/wp-content\/uploads\/2018\/09\/capilla-san-martin-2-768x432.jpg 768w\" sizes=\"(max-width: 960px) 100vw, 960px\" \/> <img loading=\"lazy\" class=\"aligncenter size-full wp-image-2064\" src=\"http:\/\/www.revistarescatados.com.ar\/web\/wp-content\/uploads\/2018\/09\/capilla-san-martin-3.jpg\" alt=\"\" width=\"960\" height=\"540\" srcset=\"https:\/\/www.revistarescatados.com.ar\/web\/wp-content\/uploads\/2018\/09\/capilla-san-martin-3.jpg 960w, https:\/\/www.revistarescatados.com.ar\/web\/wp-content\/uploads\/2018\/09\/capilla-san-martin-3-300x169.jpg 300w, https:\/\/www.revistarescatados.com.ar\/web\/wp-content\/uploads\/2018\/09\/capilla-san-martin-3-768x432.jpg 768w\" sizes=\"(max-width: 960px) 100vw, 960px\" \/><\/p>\n","protected":false},"excerpt":{"rendered":"<p>Con la misa del segundo env\u00edo de comuni\u00f3n, que se celebr\u00f3 este domingo, se dejaron habilitadas las refacciones. El sacerdote a cargo de la Parroquia San Luis Gonzaga \u2013 Pbro. Walter V\u00e9nica&#46;&#46;&#46;<\/p>\n","protected":false},"author":1,"featured_media":2062,"comment_status":"closed","ping_status":"open","sticky":false,"template":"","format":"standard","meta":[],"categories":[2,3,8],"tags":[],"_links":{"self":[{"href":"https:\/\/www.revistarescatados.com.ar\/web\/wp-json\/wp\/v2\/posts\/2060"}],"collection":[{"href":"https:\/\/www.revistarescatados.com.ar\/web\/wp-json\/wp\/v2\/posts"}],"about":[{"href":"https:\/\/www.revistarescatados.com.ar\/web\/wp-json\/wp\/v2\/types\/post"}],"author":[{"embeddable":true,"href":"https:\/\/www.revistarescatados.com.ar\/web\/wp-json\/wp\/v2\/users\/1"}],"replies":[{"embeddable":true,"href":"https:\/\/www.revistarescatados.com.ar\/web\/wp-json\/wp\/v2\/comments?post=2060"}],"version-history":[{"count":1,"href":"https:\/\/www.revistarescatados.com.ar\/web\/wp-json\/wp\/v2\/posts\/2060\/revisions"}],"predecessor-version":[{"id":2065,"href":"https:\/\/www.revistarescatados.com.ar\/web\/wp-json\/wp\/v2\/posts\/2060\/revisions\/2065"}],"wp:featuredmedia":[{"embeddable":true,"href":"https:\/\/www.revistarescatados.com.ar\/web\/wp-json\/wp\/v2\/media\/2062"}],"wp:attachment":[{"href":"https:\/\/www.revistarescatados.com.ar\/web\/wp-json\/wp\/v2\/media?parent=2060"}],"wp:term":[{"taxonomy":"category","embeddable":true,"href":"https:\/\/www.revistarescatados.com.ar\/web\/wp-json\/wp\/v2\/categories?post=2060"},{"taxonomy":"post_tag","embeddable":true,"href":"https:\/\/www.revistarescatados.com.ar\/web\/wp-json\/wp\/v2\/tags?post=2060"}],"curies":[{"name":"wp","href":"https:\/\/api.w.org\/{rel}","templated":true}]}}