{"id":20639,"date":"2023-10-06T00:36:53","date_gmt":"2023-10-06T03:36:53","guid":{"rendered":"https:\/\/www.revistarescatados.com.ar\/web\/?p=20639"},"modified":"2023-10-06T00:36:53","modified_gmt":"2023-10-06T03:36:53","slug":"el-teatro-espanol-de-vera-fue-declarado-patrimonio-historico-y-cultural-de-la-provincia-de-santa-fe","status":"publish","type":"post","link":"https:\/\/www.revistarescatados.com.ar\/web\/2023\/10\/06\/el-teatro-espanol-de-vera-fue-declarado-patrimonio-historico-y-cultural-de-la-provincia-de-santa-fe\/","title":{"rendered":"El Teatro Espa\u00f1ol de Vera fue declarado patrimonio hist\u00f3rico y cultural de la provincia de Santa Fe"},"content":{"rendered":"<p><span style=\"color: #ff0000;\"><strong>Se dio la sanci\u00f3n definitiva a la ley que declara Patrimonio Hist\u00f3rico y Cultural, al edificio donde funciona el Teatro Espa\u00f1ol de la ciudad de Vera, ubicado en calle 25 de mayo 1845 de la ciudad de Vera. Fue un proyecto presentado por el senador Osvaldo Sosa.<\/strong><\/span><\/p>\n<p><img loading=\"lazy\" class=\"aligncenter size-full wp-image-20640\" src=\"http:\/\/www.revistarescatados.com.ar\/web\/wp-content\/uploads\/2023\/10\/Teatro-Vera.jpg\" alt=\"\" width=\"1020\" height=\"765\" srcset=\"https:\/\/www.revistarescatados.com.ar\/web\/wp-content\/uploads\/2023\/10\/Teatro-Vera.jpg 1020w, https:\/\/www.revistarescatados.com.ar\/web\/wp-content\/uploads\/2023\/10\/Teatro-Vera-300x225.jpg 300w, https:\/\/www.revistarescatados.com.ar\/web\/wp-content\/uploads\/2023\/10\/Teatro-Vera-768x576.jpg 768w\" sizes=\"(max-width: 1020px) 100vw, 1020px\" \/><br \/>\nEl proyecto hab\u00eda sido presentado por el Senador Osvaldo Sosa en el a\u00f1o 2022 y en el mismo a\u00f1o fue aprobado por la c\u00e1mara de senadores. En el d\u00eda de hoy con la media sanci\u00f3n en diputados, se transform\u00f3 en ley.<\/p>\n<p>En este sentido el senador Sosa dec\u00eda: \u201cEsta sanci\u00f3n pone en valor m\u00e1s 90 a\u00f1os de historia y de cultura, y nos permite el acceso a recursos para fortalecer la vida cultural de nuestro teatro.\u201d<\/p>\n<p>Siguiendo con un mensaje de agradecimiento, el legislador comentaba:\u201d Quiero agradecer a todos los que acompa\u00f1aron esta iniciativa, especialmente a la C\u00e1mara de Diputados que acompa\u00f1o esta iniciativa en el d\u00eda de hoy, acompa\u00f1amiento que no hace otra cosa que solidificar los cimientos culturales de nuestros pueblos.\u201d<\/p>\n","protected":false},"excerpt":{"rendered":"<p>Se dio la sanci\u00f3n definitiva a la ley que declara Patrimonio Hist\u00f3rico y Cultural, al edificio donde funciona el Teatro Espa\u00f1ol de la ciudad de Vera, ubicado en calle 25 de mayo&#46;&#46;&#46;<\/p>\n","protected":false},"author":1,"featured_media":20640,"comment_status":"closed","ping_status":"closed","sticky":false,"template":"","format":"standard","meta":[],"categories":[7,3,16,8],"tags":[],"_links":{"self":[{"href":"https:\/\/www.revistarescatados.com.ar\/web\/wp-json\/wp\/v2\/posts\/20639"}],"collection":[{"href":"https:\/\/www.revistarescatados.com.ar\/web\/wp-json\/wp\/v2\/posts"}],"about":[{"href":"https:\/\/www.revistarescatados.com.ar\/web\/wp-json\/wp\/v2\/types\/post"}],"author":[{"embeddable":true,"href":"https:\/\/www.revistarescatados.com.ar\/web\/wp-json\/wp\/v2\/users\/1"}],"replies":[{"embeddable":true,"href":"https:\/\/www.revistarescatados.com.ar\/web\/wp-json\/wp\/v2\/comments?post=20639"}],"version-history":[{"count":1,"href":"https:\/\/www.revistarescatados.com.ar\/web\/wp-json\/wp\/v2\/posts\/20639\/revisions"}],"predecessor-version":[{"id":20641,"href":"https:\/\/www.revistarescatados.com.ar\/web\/wp-json\/wp\/v2\/posts\/20639\/revisions\/20641"}],"wp:featuredmedia":[{"embeddable":true,"href":"https:\/\/www.revistarescatados.com.ar\/web\/wp-json\/wp\/v2\/media\/20640"}],"wp:attachment":[{"href":"https:\/\/www.revistarescatados.com.ar\/web\/wp-json\/wp\/v2\/media?parent=20639"}],"wp:term":[{"taxonomy":"category","embeddable":true,"href":"https:\/\/www.revistarescatados.com.ar\/web\/wp-json\/wp\/v2\/categories?post=20639"},{"taxonomy":"post_tag","embeddable":true,"href":"https:\/\/www.revistarescatados.com.ar\/web\/wp-json\/wp\/v2\/tags?post=20639"}],"curies":[{"name":"wp","href":"https:\/\/api.w.org\/{rel}","templated":true}]}}