{"id":20682,"date":"2023-10-14T02:16:38","date_gmt":"2023-10-14T05:16:38","guid":{"rendered":"https:\/\/www.revistarescatados.com.ar\/web\/?p=20682"},"modified":"2023-10-14T02:16:38","modified_gmt":"2023-10-14T05:16:38","slug":"joven-colombiano-lesionado-en-un-siniestro-vial-en-calchaqui","status":"publish","type":"post","link":"https:\/\/www.revistarescatados.com.ar\/web\/2023\/10\/14\/joven-colombiano-lesionado-en-un-siniestro-vial-en-calchaqui\/","title":{"rendered":"Joven colombiano lesionado en un siniestro vial en Calchaqu\u00ed"},"content":{"rendered":"<div dir=\"auto\"><span style=\"color: #0000ff;\"><strong>El conductor de una moto sufri\u00f3 severas lesiones en la zona encef\u00e1lica, producto de un colisi\u00f3n con un auto en la zona c\u00e9ntrica de la ciudad. Permanece internado en el hospital regional de Reconquista con pron\u00f3stico reservado.<\/strong><\/span><\/div>\n<div dir=\"auto\"><\/div>\n<div class=\"x11i5rnm xat24cr x1mh8g0r x1vvkbs xtlvy1s x126k92a\">\n<div dir=\"auto\">En redes sociales se multiplican las cadenas de oraci\u00f3n por la salud de Emanuel, joven de nacionalidad colombiana, que sufri\u00f3 traumatismos severos de cr\u00e1neo en un siniestro vial ocurrido en pleno centro de la ciudad.<\/div>\n<div dir=\"auto\"><img loading=\"lazy\" class=\"aligncenter size-full wp-image-20683\" src=\"http:\/\/www.revistarescatados.com.ar\/web\/wp-content\/uploads\/2023\/10\/COLO.jpg\" alt=\"\" width=\"576\" height=\"509\" srcset=\"https:\/\/www.revistarescatados.com.ar\/web\/wp-content\/uploads\/2023\/10\/COLO.jpg 576w, https:\/\/www.revistarescatados.com.ar\/web\/wp-content\/uploads\/2023\/10\/COLO-300x265.jpg 300w\" sizes=\"(max-width: 576px) 100vw, 576px\" \/><\/div>\n<div dir=\"auto\"><\/div>\n<\/div>\n<div class=\"x11i5rnm xat24cr x1mh8g0r x1vvkbs xtlvy1s x126k92a\">\n<div dir=\"auto\">El incidente ocurri\u00f3 a las 19 horas del jueves 12 de octubre, en la intersecci\u00f3n del boulevard Belgrano y Pueyrred\u00f3n. Por causas a establecer, se produjo la colisi\u00f3n entre una moto y un auto Peugeot 504.<\/div>\n<div dir=\"auto\"><\/div>\n<\/div>\n<div class=\"x11i5rnm xat24cr x1mh8g0r x1vvkbs xtlvy1s x126k92a\">\n<div dir=\"auto\">El joven de 18 a\u00f1os circulaba por la calle principal en direcci\u00f3n Este a Oeste y fue quien sufri\u00f3 politraumatismos graves.<\/div>\n<div dir=\"auto\"><\/div>\n<\/div>\n<div class=\"x11i5rnm xat24cr x1mh8g0r x1vvkbs xtlvy1s x126k92a\">\n<div dir=\"auto\">Tras ser asistido por persona y una ambulancia del Servicio de Emergencia Municipal fue trasladado a la guardia del hospital Ricardo Aldao. Finalmente fue derivado al Hospital Central de Reconquista con un delicado cuadro de su salud.<\/div>\n<\/div>\n","protected":false},"excerpt":{"rendered":"<p>El conductor de una moto sufri\u00f3 severas lesiones en la zona encef\u00e1lica, producto de un colisi\u00f3n con un auto en la zona c\u00e9ntrica de la ciudad. Permanece internado en el hospital regional&#46;&#46;&#46;<\/p>\n","protected":false},"author":1,"featured_media":20683,"comment_status":"closed","ping_status":"closed","sticky":false,"template":"","format":"standard","meta":[],"categories":[2,6,3,16,8],"tags":[],"_links":{"self":[{"href":"https:\/\/www.revistarescatados.com.ar\/web\/wp-json\/wp\/v2\/posts\/20682"}],"collection":[{"href":"https:\/\/www.revistarescatados.com.ar\/web\/wp-json\/wp\/v2\/posts"}],"about":[{"href":"https:\/\/www.revistarescatados.com.ar\/web\/wp-json\/wp\/v2\/types\/post"}],"author":[{"embeddable":true,"href":"https:\/\/www.revistarescatados.com.ar\/web\/wp-json\/wp\/v2\/users\/1"}],"replies":[{"embeddable":true,"href":"https:\/\/www.revistarescatados.com.ar\/web\/wp-json\/wp\/v2\/comments?post=20682"}],"version-history":[{"count":1,"href":"https:\/\/www.revistarescatados.com.ar\/web\/wp-json\/wp\/v2\/posts\/20682\/revisions"}],"predecessor-version":[{"id":20684,"href":"https:\/\/www.revistarescatados.com.ar\/web\/wp-json\/wp\/v2\/posts\/20682\/revisions\/20684"}],"wp:featuredmedia":[{"embeddable":true,"href":"https:\/\/www.revistarescatados.com.ar\/web\/wp-json\/wp\/v2\/media\/20683"}],"wp:attachment":[{"href":"https:\/\/www.revistarescatados.com.ar\/web\/wp-json\/wp\/v2\/media?parent=20682"}],"wp:term":[{"taxonomy":"category","embeddable":true,"href":"https:\/\/www.revistarescatados.com.ar\/web\/wp-json\/wp\/v2\/categories?post=20682"},{"taxonomy":"post_tag","embeddable":true,"href":"https:\/\/www.revistarescatados.com.ar\/web\/wp-json\/wp\/v2\/tags?post=20682"}],"curies":[{"name":"wp","href":"https:\/\/api.w.org\/{rel}","templated":true}]}}