{"id":20868,"date":"2023-11-21T01:44:28","date_gmt":"2023-11-21T04:44:28","guid":{"rendered":"https:\/\/www.revistarescatados.com.ar\/web\/?p=20868"},"modified":"2023-11-21T01:44:28","modified_gmt":"2023-11-21T04:44:28","slug":"alumnos-de-calchaqui-realizaron-actividades-sociales-y-culturales-en-la-gallareta","status":"publish","type":"post","link":"https:\/\/www.revistarescatados.com.ar\/web\/2023\/11\/21\/alumnos-de-calchaqui-realizaron-actividades-sociales-y-culturales-en-la-gallareta\/","title":{"rendered":"Alumnos de Calchaqu\u00ed realizaron actividades sociales y culturales en La Gallareta"},"content":{"rendered":"<p><span style=\"color: #0000ff;\"><strong>Los d\u00edas mi\u00e9rcoles 15, jueves 16 y viernes 17 de noviembre, alumnos de 5\u00b0 a\u00f1o de la Escuela Nuestra Se\u00f1ora de Guadalupe de la ciudad de Calchaqu\u00ed acamparon en el complejo polideportivo.<\/strong><\/span><\/p>\n<p><img loading=\"lazy\" class=\"aligncenter size-large wp-image-20869\" src=\"http:\/\/www.revistarescatados.com.ar\/web\/wp-content\/uploads\/2023\/11\/Alumnos-del-colegio-en-La-Gallareta-1024x768.jpg\" alt=\"\" width=\"1024\" height=\"768\" srcset=\"https:\/\/www.revistarescatados.com.ar\/web\/wp-content\/uploads\/2023\/11\/Alumnos-del-colegio-en-La-Gallareta-1024x768.jpg 1024w, https:\/\/www.revistarescatados.com.ar\/web\/wp-content\/uploads\/2023\/11\/Alumnos-del-colegio-en-La-Gallareta-300x225.jpg 300w, https:\/\/www.revistarescatados.com.ar\/web\/wp-content\/uploads\/2023\/11\/Alumnos-del-colegio-en-La-Gallareta-768x576.jpg 768w, https:\/\/www.revistarescatados.com.ar\/web\/wp-content\/uploads\/2023\/11\/Alumnos-del-colegio-en-La-Gallareta.jpg 1280w\" sizes=\"(max-width: 1024px) 100vw, 1024px\" \/><br \/>\nAlumnos y docentes llevaron a cabo un campamento en nuestra Planta Campamentil instalada en el Complejo Polideportivo y visitaron algunas instituciones, finalizando la estad\u00eda con un recorrido tur\u00edstico- hist\u00f3rico por La Gallareta.<\/p>\n<p>Desde el \u00c1rea de Cultura agradecieron la visita, el compromiso social de las actividades ejecutadas y el respeto de docentes y alumnos.<\/p>\n<p>Tambi\u00e9n agradecieron a Biblioteca Popular Tanino La Gallareta por la predisposici\u00f3n en cada actividad de estas caracter\u00edsticas.<\/p>\n<p><img loading=\"lazy\" class=\"aligncenter size-large wp-image-20870\" src=\"http:\/\/www.revistarescatados.com.ar\/web\/wp-content\/uploads\/2023\/11\/Alumnos-del-colegio-en-La-Gallareta-1-1024x768.jpg\" alt=\"\" width=\"1024\" height=\"768\" srcset=\"https:\/\/www.revistarescatados.com.ar\/web\/wp-content\/uploads\/2023\/11\/Alumnos-del-colegio-en-La-Gallareta-1-1024x768.jpg 1024w, https:\/\/www.revistarescatados.com.ar\/web\/wp-content\/uploads\/2023\/11\/Alumnos-del-colegio-en-La-Gallareta-1-300x225.jpg 300w, https:\/\/www.revistarescatados.com.ar\/web\/wp-content\/uploads\/2023\/11\/Alumnos-del-colegio-en-La-Gallareta-1-768x576.jpg 768w, https:\/\/www.revistarescatados.com.ar\/web\/wp-content\/uploads\/2023\/11\/Alumnos-del-colegio-en-La-Gallareta-1-1536x1152.jpg 1536w, https:\/\/www.revistarescatados.com.ar\/web\/wp-content\/uploads\/2023\/11\/Alumnos-del-colegio-en-La-Gallareta-1.jpg 2048w\" sizes=\"(max-width: 1024px) 100vw, 1024px\" \/><\/p>\n","protected":false},"excerpt":{"rendered":"<p>Los d\u00edas mi\u00e9rcoles 15, jueves 16 y viernes 17 de noviembre, alumnos de 5\u00b0 a\u00f1o de la Escuela Nuestra Se\u00f1ora de Guadalupe de la ciudad de Calchaqu\u00ed acamparon en el complejo polideportivo.&#46;&#46;&#46;<\/p>\n","protected":false},"author":1,"featured_media":20869,"comment_status":"closed","ping_status":"closed","sticky":false,"template":"","format":"standard","meta":[],"categories":[2,7,3,16,15],"tags":[],"_links":{"self":[{"href":"https:\/\/www.revistarescatados.com.ar\/web\/wp-json\/wp\/v2\/posts\/20868"}],"collection":[{"href":"https:\/\/www.revistarescatados.com.ar\/web\/wp-json\/wp\/v2\/posts"}],"about":[{"href":"https:\/\/www.revistarescatados.com.ar\/web\/wp-json\/wp\/v2\/types\/post"}],"author":[{"embeddable":true,"href":"https:\/\/www.revistarescatados.com.ar\/web\/wp-json\/wp\/v2\/users\/1"}],"replies":[{"embeddable":true,"href":"https:\/\/www.revistarescatados.com.ar\/web\/wp-json\/wp\/v2\/comments?post=20868"}],"version-history":[{"count":1,"href":"https:\/\/www.revistarescatados.com.ar\/web\/wp-json\/wp\/v2\/posts\/20868\/revisions"}],"predecessor-version":[{"id":20871,"href":"https:\/\/www.revistarescatados.com.ar\/web\/wp-json\/wp\/v2\/posts\/20868\/revisions\/20871"}],"wp:featuredmedia":[{"embeddable":true,"href":"https:\/\/www.revistarescatados.com.ar\/web\/wp-json\/wp\/v2\/media\/20869"}],"wp:attachment":[{"href":"https:\/\/www.revistarescatados.com.ar\/web\/wp-json\/wp\/v2\/media?parent=20868"}],"wp:term":[{"taxonomy":"category","embeddable":true,"href":"https:\/\/www.revistarescatados.com.ar\/web\/wp-json\/wp\/v2\/categories?post=20868"},{"taxonomy":"post_tag","embeddable":true,"href":"https:\/\/www.revistarescatados.com.ar\/web\/wp-json\/wp\/v2\/tags?post=20868"}],"curies":[{"name":"wp","href":"https:\/\/api.w.org\/{rel}","templated":true}]}}