{"id":20889,"date":"2023-11-27T20:39:06","date_gmt":"2023-11-27T23:39:06","guid":{"rendered":"https:\/\/www.revistarescatados.com.ar\/web\/?p=20889"},"modified":"2023-11-27T20:39:06","modified_gmt":"2023-11-27T23:39:06","slug":"por-una-colision-de-autos-se-dano-el-cantero-del-boulevard-belgrano","status":"publish","type":"post","link":"https:\/\/www.revistarescatados.com.ar\/web\/2023\/11\/27\/por-una-colision-de-autos-se-dano-el-cantero-del-boulevard-belgrano\/","title":{"rendered":"Por una colisi\u00f3n de autos se da\u00f1\u00f3 el cantero del boulevard Belgrano"},"content":{"rendered":"<p><span style=\"color: #0000ff;\"><strong>El siniestro ocurri\u00f3 en la medianoche del s\u00e1bado en una esquina c\u00e9ntrica. Fue protagonizada por un auto Citroen C4 conducido por una joven de 22 a\u00f1os y un Ford Ka en el que se trasladaban dos hombres. Los veh\u00edculos quedaron secuestrados en la comisar\u00eda local.<\/strong><\/span><\/p>\n<p><img loading=\"lazy\" class=\"aligncenter size-full wp-image-20890\" src=\"http:\/\/www.revistarescatados.com.ar\/web\/wp-content\/uploads\/2023\/11\/choque.jpg\" alt=\"\" width=\"800\" height=\"460\" srcset=\"https:\/\/www.revistarescatados.com.ar\/web\/wp-content\/uploads\/2023\/11\/choque.jpg 800w, https:\/\/www.revistarescatados.com.ar\/web\/wp-content\/uploads\/2023\/11\/choque-300x173.jpg 300w, https:\/\/www.revistarescatados.com.ar\/web\/wp-content\/uploads\/2023\/11\/choque-768x442.jpg 768w\" sizes=\"(max-width: 800px) 100vw, 800px\" \/><\/p>\n<p>A las 23,40 hs de este s\u00e1bado 25 de noviembre de 2023,\u00a0 el personal policial de la Comisaria 2 da de Calchaqu\u00ed, se comisiona en Boulevard Belgrano y Esquina Pueyrred\u00f3n por un siniestro vial.<\/p>\n<p>En ese lugar, por causas que se tratan de establecer entraron en colisi\u00f3n un auto Ford KA en el que se trasladaban Emiliano Germ\u00e1n Fumis y Juan Carlos Fumis, ambos masculinos, mayores de edad y un autom\u00f3vil Citroen C4 de color negro, guiado por Martina Celeste Jazm\u00edn Funes de 22 a\u00f1os de edad, \u00fanica ocupante del veh\u00edculo, todos domiciliados en la ciudad de Calchaqu\u00ed.<\/p>\n<p>Los involucrados en el siniestro vial fueron trasladados al hospital local a los fines de recibir asistencia m\u00e9dica. Se dio intervenci\u00f3n al Fiscal en turno quien ordeno diligencias a seguir.<\/p>\n<p>Cabe recordar, que la joven hace poco hab\u00eda derrapado con su moto en el sem\u00e1foro, ubicado a una cuadra del lugar del actual siniestro.<\/p>\n<p>&nbsp;<\/p>\n","protected":false},"excerpt":{"rendered":"<p>El siniestro ocurri\u00f3 en la medianoche del s\u00e1bado en una esquina c\u00e9ntrica. Fue protagonizada por un auto Citroen C4 conducido por una joven de 22 a\u00f1os y un Ford Ka en el&#46;&#46;&#46;<\/p>\n","protected":false},"author":1,"featured_media":20890,"comment_status":"closed","ping_status":"closed","sticky":false,"template":"","format":"standard","meta":[],"categories":[2,3,16,11],"tags":[],"_links":{"self":[{"href":"https:\/\/www.revistarescatados.com.ar\/web\/wp-json\/wp\/v2\/posts\/20889"}],"collection":[{"href":"https:\/\/www.revistarescatados.com.ar\/web\/wp-json\/wp\/v2\/posts"}],"about":[{"href":"https:\/\/www.revistarescatados.com.ar\/web\/wp-json\/wp\/v2\/types\/post"}],"author":[{"embeddable":true,"href":"https:\/\/www.revistarescatados.com.ar\/web\/wp-json\/wp\/v2\/users\/1"}],"replies":[{"embeddable":true,"href":"https:\/\/www.revistarescatados.com.ar\/web\/wp-json\/wp\/v2\/comments?post=20889"}],"version-history":[{"count":1,"href":"https:\/\/www.revistarescatados.com.ar\/web\/wp-json\/wp\/v2\/posts\/20889\/revisions"}],"predecessor-version":[{"id":20891,"href":"https:\/\/www.revistarescatados.com.ar\/web\/wp-json\/wp\/v2\/posts\/20889\/revisions\/20891"}],"wp:featuredmedia":[{"embeddable":true,"href":"https:\/\/www.revistarescatados.com.ar\/web\/wp-json\/wp\/v2\/media\/20890"}],"wp:attachment":[{"href":"https:\/\/www.revistarescatados.com.ar\/web\/wp-json\/wp\/v2\/media?parent=20889"}],"wp:term":[{"taxonomy":"category","embeddable":true,"href":"https:\/\/www.revistarescatados.com.ar\/web\/wp-json\/wp\/v2\/categories?post=20889"},{"taxonomy":"post_tag","embeddable":true,"href":"https:\/\/www.revistarescatados.com.ar\/web\/wp-json\/wp\/v2\/tags?post=20889"}],"curies":[{"name":"wp","href":"https:\/\/api.w.org\/{rel}","templated":true}]}}