{"id":2096,"date":"2018-09-27T02:34:46","date_gmt":"2018-09-27T05:34:46","guid":{"rendered":"http:\/\/www.revistarescatados.com.ar\/web\/?p=2096"},"modified":"2018-09-27T02:34:46","modified_gmt":"2018-09-27T05:34:46","slug":"volver-a-oir-la-emocionante-historia-de-anita-quatrin-en-diario-la-nacion","status":"publish","type":"post","link":"https:\/\/www.revistarescatados.com.ar\/web\/2018\/09\/27\/volver-a-oir-la-emocionante-historia-de-anita-quatrin-en-diario-la-nacion\/","title":{"rendered":"Volver a o\u00edr: La emocionante historia de Anita Quatr\u00edn en Diario La Naci\u00f3n"},"content":{"rendered":"<p><img loading=\"lazy\" class=\"aligncenter size-full wp-image-2099\" src=\"http:\/\/www.revistarescatados.com.ar\/web\/wp-content\/uploads\/2018\/09\/Anita-y-sus-pap\u00e1s.jpg\" alt=\"\" width=\"1159\" height=\"768\" srcset=\"https:\/\/www.revistarescatados.com.ar\/web\/wp-content\/uploads\/2018\/09\/Anita-y-sus-pap\u00e1s.jpg 1159w, https:\/\/www.revistarescatados.com.ar\/web\/wp-content\/uploads\/2018\/09\/Anita-y-sus-pap\u00e1s-300x199.jpg 300w, https:\/\/www.revistarescatados.com.ar\/web\/wp-content\/uploads\/2018\/09\/Anita-y-sus-pap\u00e1s-768x509.jpg 768w, https:\/\/www.revistarescatados.com.ar\/web\/wp-content\/uploads\/2018\/09\/Anita-y-sus-pap\u00e1s-1024x679.jpg 1024w\" sizes=\"(max-width: 1159px) 100vw, 1159px\" \/><\/p>\n<p><span style=\"color: #0000ff;\"><strong>En la Semana Internacional de la Hipoacusia, el matutino porte\u00f1o retrat\u00f3 la emotiva historia de vida de la peque\u00f1a de casi 4 a\u00f1os, oriunda de Calchaqu\u00ed, que pudo recuperar su audici\u00f3n gracias a un implante coclear. <\/strong><\/span><\/p>\n<p>Esta semana que comienza fue declarada por la OMS como la Semana Internacional de la Hipoacusia y su objetivo es concientizar sobre la importancia de la detecci\u00f3n de trastornos auditivos.<\/p>\n<p>Los especialistas se\u00f1alan que la hipoacusia detectada a tempranamente, con el tratamiento indicado permite que un chico de dos a\u00f1os, recupere en s\u00f3lo un a\u00f1o su desarrollo intelectual y social de un chico sin problemas de audici\u00f3n. En cambio, si se llega tarde, sus posibilidades van a verse reducidas, tendr\u00e1 dificultades en el habla y en su integraci\u00f3n social.<\/p>\n<p><span style=\"color: #0000ff;\"><strong>TOCAR PARA QUE MI HIJA ME PUEDA ESCUCHAR<\/strong><\/span><\/p>\n<p>&#8220;Despacito, me lo pongo el sombrero&#8221;. Alexis Quatr\u00edn canta y no puede disimular la emoci\u00f3n, cuando su hija de tres a\u00f1os y 9 meses hace la m\u00edmica. &#8220;Cuando me enter\u00e9 que mi hija no o\u00eda, se me desmoron\u00f3 el coraz\u00f3n. Por ah\u00ed es ego\u00edsta, pero yo soy m\u00fasico y tengo una banda, y de repente todo perdi\u00f3 sentido. \u00bfPara qu\u00e9 iba a tocar si mi hija jam\u00e1s me iba a poder escuchar?&#8221;, confiesa con ojos h\u00famedos.<\/p>\n<p>Pero ahora Anita no s\u00f3lo baila sino que canta con el pap\u00e1. Habla y escucha. Selene, que tiene 28 a\u00f1os cuenta que vivir esa experiencia fue lo m\u00e1s cercano que jam\u00e1s estuvo de un milagro. Porque, pese a los temores que como padres ten\u00edan por someter a su hija a otra operaci\u00f3n, los resultados a\u00fan los emocionan. Como en ese video que se volvi\u00f3 viral hace un a\u00f1o, cuando una beba se emociona al escuchar por primera vez la voz de su madre. As\u00ed de movilizante fue la experiencia de acompa\u00f1ar el proceso en el que Anita volvi\u00f3 a escuchar.<\/p>\n<p><img loading=\"lazy\" class=\"aligncenter size-full wp-image-2098\" src=\"http:\/\/www.revistarescatados.com.ar\/web\/wp-content\/uploads\/2018\/09\/Anita-y-su-mam\u00e1.jpg\" alt=\"\" width=\"1159\" height=\"768\" srcset=\"https:\/\/www.revistarescatados.com.ar\/web\/wp-content\/uploads\/2018\/09\/Anita-y-su-mam\u00e1.jpg 1159w, https:\/\/www.revistarescatados.com.ar\/web\/wp-content\/uploads\/2018\/09\/Anita-y-su-mam\u00e1-300x199.jpg 300w, https:\/\/www.revistarescatados.com.ar\/web\/wp-content\/uploads\/2018\/09\/Anita-y-su-mam\u00e1-768x509.jpg 768w, https:\/\/www.revistarescatados.com.ar\/web\/wp-content\/uploads\/2018\/09\/Anita-y-su-mam\u00e1-1024x679.jpg 1024w\" sizes=\"(max-width: 1159px) 100vw, 1159px\" \/><\/p>\n<p>Ana Bel\u00e9n naci\u00f3 con 30 semanas de gestaci\u00f3n y apenas 690 gramos de peso. Estuvo 100 d\u00edas en incubadora y all\u00ed se convirti\u00f3 en una luchadora. El primer a\u00f1o de su vida, lo pas\u00f3 en hospitales y con m\u00e9dicos. Cuando finalmente le dieron de alta, se fue a la casa y los pap\u00e1s respiraron aliviados de que el proceso no hubiera dejado secuelas. Anita crec\u00eda bien, hab\u00eda empezado a decir algunas palabras e iba haciendo grandes avances. Pero, de pronto, un d\u00eda empezaron a notar cambios en ella. Ya no dec\u00eda mam\u00e1 ni pap\u00e1. Todo era &#8220;chupete&#8221;. Adem\u00e1s, si estaba en una habitaci\u00f3n y de pronto se daba cuenta de que sus pap\u00e1s hab\u00edan salido, o estaban en la cocina, entraba en p\u00e1nico. Despu\u00e9s, empez\u00f3 a volverse retra\u00edda, quer\u00eda estar siempre con la mam\u00e1 y no se separaba de ella. El pediatra les confirm\u00f3 lo que tem\u00edan. Anita no o\u00eda. &#8220;Creemos que en alg\u00fan momento de ese primer a\u00f1o, por alguna raz\u00f3n que nunca se va a saber y no tiene sentido investigar, dej\u00f3 de o\u00edr&#8221;, resume Selene.<\/p>\n<p>Fue entonces cuando empezaron a visitar especialistas y conocieron que exist\u00eda una posibilidad para su hija: el implante coclear. Los pap\u00e1s hicieron un trabajo psicol\u00f3gico junto a los especialistas previo a la operaci\u00f3n. Alexis se tatu\u00f3 sobre la oreja el dibujo del implante y Selene se cort\u00f3 el pelo cortito, como lo iba a tener Anita tras la operaci\u00f3n. Adem\u00e1s, le compraron un bebote y le dibujaron el implante, para que su hija lo tomara con mucha naturalidad.<\/p>\n<p>&#8220;Nos sorprendi\u00f3 lo bien que reaccion\u00f3 a la operaci\u00f3n. Y, al tercer d\u00eda de la primera calibraci\u00f3n, la llevamos a ver los aviones a Aeroparque. Necesit\u00e1bamos comprobar que el milagro era real. Anita mir\u00f3 los dos primeros aviones. Y al tercero, lo escuch\u00f3 de espaldas y al sentir el sonido se dio vuelta a mirarlo. Lloramos de emoci\u00f3n&#8221;, cuenta Selene.<\/p>\n<p><img loading=\"lazy\" class=\"aligncenter size-full wp-image-2097\" src=\"http:\/\/www.revistarescatados.com.ar\/web\/wp-content\/uploads\/2018\/09\/Anita-en-Aeroparque.jpg\" alt=\"\" width=\"1159\" height=\"768\" srcset=\"https:\/\/www.revistarescatados.com.ar\/web\/wp-content\/uploads\/2018\/09\/Anita-en-Aeroparque.jpg 1159w, https:\/\/www.revistarescatados.com.ar\/web\/wp-content\/uploads\/2018\/09\/Anita-en-Aeroparque-300x199.jpg 300w, https:\/\/www.revistarescatados.com.ar\/web\/wp-content\/uploads\/2018\/09\/Anita-en-Aeroparque-768x509.jpg 768w, https:\/\/www.revistarescatados.com.ar\/web\/wp-content\/uploads\/2018\/09\/Anita-en-Aeroparque-1024x679.jpg 1024w\" sizes=\"(max-width: 1159px) 100vw, 1159px\" \/><\/p>\n<p>Como la mam\u00e1 es fot\u00f3grafa, sab\u00eda de c\u00f3mo iba a querer retratar para siempre el momento del encendido. Pero que su trabajo, ese d\u00eda era junto a Anita. Entonces le pidi\u00f3 al fot\u00f3grafo cordob\u00e9s Jacinto Duarte, de quien era fan\u00e1tica de sus trabajos, que inmortalizara ese milagro. Y el fot\u00f3grafo los sigui\u00f3 por toda la ciudad, capturando esos momentos que quedar\u00e1n para siempre en la memoria de los pap\u00e1s de Anita. Fueron a ver los aviones, caminaron por las ruidosas calles de Buenos Aires, se sentaron a descansar y cantaron las viejas canciones con las que hab\u00edan acunado a su hija el primer a\u00f1o de vida. Despu\u00e9s, volvieron a Calchaqu\u00ed, un peque\u00f1o pueblo en la provincia de Santa Fe y all\u00ed fue testigo de otro milagro. Anita sali\u00f3 al patio y se qued\u00f3 mirando el cielo, maravillada de escuchar a los pajaritos cantar. Una semana m\u00e1s tarde ya reconoc\u00eda las voces de sus pap\u00e1s. &#8220;La primera vez que me dijo mami, casi me desarmo. Ella s\u00f3lo me hab\u00eda dicho mam\u00e1 antes. Y hab\u00eda pasado tanto tiempo. O\u00edrla, con esa vocecita tan chiquita decirme Mami, me hizo sentir que todo hab\u00eda valido la pena&#8221;, cuenta.<\/p>\n<p><strong>Para leer el art\u00edculo completo ingresar a este link:<span style=\"color: #0000ff;\"><a style=\"color: #0000ff;\" href=\"https:\/\/www.lanacion.com.ar\/2175094-volver-oir-historias-milagrosas-quienes-recuperaron-audicion\"> https:\/\/www.lanacion.com.ar\/2175094-volver-oir-historias-milagrosas-quienes-recuperaron-audicion<\/a><\/span><\/strong><\/p>\n","protected":false},"excerpt":{"rendered":"<p>En la Semana Internacional de la Hipoacusia, el matutino porte\u00f1o retrat\u00f3 la emotiva historia de vida de la peque\u00f1a de casi 4 a\u00f1os, oriunda de Calchaqu\u00ed, que pudo recuperar su audici\u00f3n gracias&#46;&#46;&#46;<\/p>\n","protected":false},"author":1,"featured_media":2099,"comment_status":"closed","ping_status":"open","sticky":false,"template":"","format":"standard","meta":[],"categories":[2,3,16,8],"tags":[],"_links":{"self":[{"href":"https:\/\/www.revistarescatados.com.ar\/web\/wp-json\/wp\/v2\/posts\/2096"}],"collection":[{"href":"https:\/\/www.revistarescatados.com.ar\/web\/wp-json\/wp\/v2\/posts"}],"about":[{"href":"https:\/\/www.revistarescatados.com.ar\/web\/wp-json\/wp\/v2\/types\/post"}],"author":[{"embeddable":true,"href":"https:\/\/www.revistarescatados.com.ar\/web\/wp-json\/wp\/v2\/users\/1"}],"replies":[{"embeddable":true,"href":"https:\/\/www.revistarescatados.com.ar\/web\/wp-json\/wp\/v2\/comments?post=2096"}],"version-history":[{"count":1,"href":"https:\/\/www.revistarescatados.com.ar\/web\/wp-json\/wp\/v2\/posts\/2096\/revisions"}],"predecessor-version":[{"id":2100,"href":"https:\/\/www.revistarescatados.com.ar\/web\/wp-json\/wp\/v2\/posts\/2096\/revisions\/2100"}],"wp:featuredmedia":[{"embeddable":true,"href":"https:\/\/www.revistarescatados.com.ar\/web\/wp-json\/wp\/v2\/media\/2099"}],"wp:attachment":[{"href":"https:\/\/www.revistarescatados.com.ar\/web\/wp-json\/wp\/v2\/media?parent=2096"}],"wp:term":[{"taxonomy":"category","embeddable":true,"href":"https:\/\/www.revistarescatados.com.ar\/web\/wp-json\/wp\/v2\/categories?post=2096"},{"taxonomy":"post_tag","embeddable":true,"href":"https:\/\/www.revistarescatados.com.ar\/web\/wp-json\/wp\/v2\/tags?post=2096"}],"curies":[{"name":"wp","href":"https:\/\/api.w.org\/{rel}","templated":true}]}}