{"id":20961,"date":"2023-12-09T00:38:10","date_gmt":"2023-12-09T03:38:10","guid":{"rendered":"https:\/\/www.revistarescatados.com.ar\/web\/?p=20961"},"modified":"2023-12-09T00:38:10","modified_gmt":"2023-12-09T03:38:10","slug":"perotti-y-sosa-inauguraron-la-pavimentacion-de-la-ruta-36-que-une-vera-con-romang","status":"publish","type":"post","link":"https:\/\/www.revistarescatados.com.ar\/web\/2023\/12\/09\/perotti-y-sosa-inauguraron-la-pavimentacion-de-la-ruta-36-que-une-vera-con-romang\/","title":{"rendered":"Perotti y Sosa inauguraron la pavimentaci\u00f3n de la ruta 36 que une Vera con Romang"},"content":{"rendered":"<p>&nbsp;<\/p>\n<p><span style=\"color: #0000ff;\"><strong>El gobernador Omar Perotti junto al senador Osvaldo Sosa inauguraron la pavimentaci\u00f3n de la Ruta Provincial N\u00b036, entre Colonia Sager y la Ruta Nacional N\u00b011, que demand\u00f3 una inversi\u00f3n provincial de m\u00e1s de 6 mil millones de pesos. Del acto particip\u00f3 el senador (MC) Jos\u00e9 Ram\u00f3n Baucero.<\/strong><\/span><\/p>\n<p>&nbsp;<\/p>\n<p><img loading=\"lazy\" class=\"aligncenter size-large wp-image-20962\" src=\"http:\/\/www.revistarescatados.com.ar\/web\/wp-content\/uploads\/2023\/12\/Ruta-36-inauguracion-1024x575.jpg\" alt=\"\" width=\"1024\" height=\"575\" srcset=\"https:\/\/www.revistarescatados.com.ar\/web\/wp-content\/uploads\/2023\/12\/Ruta-36-inauguracion-1024x575.jpg 1024w, https:\/\/www.revistarescatados.com.ar\/web\/wp-content\/uploads\/2023\/12\/Ruta-36-inauguracion-300x168.jpg 300w, https:\/\/www.revistarescatados.com.ar\/web\/wp-content\/uploads\/2023\/12\/Ruta-36-inauguracion-768x431.jpg 768w, https:\/\/www.revistarescatados.com.ar\/web\/wp-content\/uploads\/2023\/12\/Ruta-36-inauguracion.jpg 1140w\" sizes=\"(max-width: 1024px) 100vw, 1024px\" \/><\/p>\n<p>El gobernador de Santa Fe, Omar Perotti, inaugur\u00f3 este viernes la obra de pavimentaci\u00f3n de la Ruta Provincial N\u00b036, en un tramo de 24,23 kil\u00f3metros entre Colonia Sager y la Ruta Nacional N\u00b011, que demand\u00f3 una inversi\u00f3n provincial de $6.141.030.819,58.<\/p>\n<p>En la inauguraci\u00f3n, Perotti manifest\u00f3 que \u201cse trata de una obra esperada y trabajada por muchos a\u00f1os a la que siempre le faltaba un empuj\u00f3n para terminarla. Nosotros tomamos la decisi\u00f3n de trabajar mucho sobre las rutas transversales, de invertir fuerte en el norte santafesino y, sin duda, este era uno de los corredores importantes a potenciar\u201d.<\/p>\n<p>\u201cEste tipo de obras dejan a la regi\u00f3n mucho mejor preparada, la dejan con una comunicaci\u00f3n que favorece la log\u00edstica y hacen mucho m\u00e1s atractivo la posibilidad de verla como un corredor productivo, con posibilidades de radicaciones y de sumar industrias a la zona. En definitiva, sumamos un corredor hacia la costa que va a potenciar, y mucho, nuestro norte\u201d, a\u00f1adi\u00f3 el gobernador.<\/p>\n<p>Luego, Perotti record\u00f3 \u201clo que uno siempre dijo: que en el norte hay mucho talento, hay mucha capacidad de trabajo en su gente, lo que no estaban dadas eran las inversiones para que las condiciones se puedan potenciar. Esto se ha dado y ustedes son testigos de las inversiones hist\u00f3ricas que se han hecho en la regi\u00f3n. Ahora hay que continuar porque est\u00e1 claro que se pod\u00eda invertir y que se pod\u00edan hacer las obras\u201d.<\/p>\n<p>Finalmente, el gobernador destac\u00f3 que \u201cnos sentimos orgullosos por lo realizado en materia de obra p\u00fablica, con infraestructura vial, de salud, de educaci\u00f3n, social, con acueductos y gasoductos que nos llevaron a realizar m\u00e1s de una obra por d\u00eda en estos 4 a\u00f1os de gesti\u00f3n\u201d.<\/p>\n<p><strong>INVERSI\u00d3N PARA POTENCIAR EL NORTE<\/strong><br \/>\nA su turno, el senador por el departamento Vera, Osvaldo Sosa, remarc\u00f3 que \u201cesto se ha hecho por la presencia, por la mirada, por la decisi\u00f3n pol\u00edtica de un gobernador, como Omar Perotti, que se par\u00f3 en el norte y lo potenci\u00f3\u201d.<\/p>\n<p>Por su parte, el senador por el departamento San Javier, Jos\u00e9 Baucero, destac\u00f3 que \u201cla inversi\u00f3n en nuestros departamentos, especialmente en el de San Javier, es hist\u00f3rica. Por eso agradecemos al gobernador Omar Perotti por lo realizado en estos cuatro a\u00f1os y deseamos que en esta nueva funci\u00f3n de diputado tenga todo el \u00e9xito del mundo y que sea en favor de todos los santafesinos\u201d.<\/p>\n<p><strong>LA OBRA<\/strong><br \/>\nLos trabajos realizados fueron: calzada de 7,30 m de ancho pavimentados con una pendiente hacia cada lado del eje, banquinas de suelo vegetal de 3,00 m de ancho a cada lado y una pendiente a modo de permitir el libre escurrimiento de las aguas de lluvia. Los drenajes transversales y longitudinales respetan los declives y divisorias de las subcunetas naturales establecidas.<\/p>\n<p>Carpeta de concreto asf\u00e1ltico en caliente de 5 cm de espesor y 7,30 m de ancho, base de estabilizado granular de 7,50 m de ancho y 15 cm de espesor, sub-base de suelo seleccionado cal 7,90 m de ancho y 20 cm de espesor, n\u00facleo de terraplen y banquinas de suelo vegetal.<br \/>\nEn el enlace la carpeta de rodamiento se realiz\u00f3 de 5 cm de espesor, con base negra de 9 cm de espesor, estabilizado granular en 20 cm de espesor y sub-rasante en 30 cm de espesor.<\/p>\n<p><strong>PRESENTES<\/strong><br \/>\nDurante la inauguraci\u00f3n tambi\u00e9n estuvieron presentes el administrador general y el subadministrador de la Direcci\u00f3n Provincial de Vialidad, Oscar Ceschi y Daniel Ricotti, respectivamente; y la intendenta de Vera, Paula Mitre, entre otras autoridades provinciales y municipales.<\/p>\n<p>&nbsp;<\/p>\n","protected":false},"excerpt":{"rendered":"<p>&nbsp; El gobernador Omar Perotti junto al senador Osvaldo Sosa inauguraron la pavimentaci\u00f3n de la Ruta Provincial N\u00b036, entre Colonia Sager y la Ruta Nacional N\u00b011, que demand\u00f3 una inversi\u00f3n provincial de&#46;&#46;&#46;<\/p>\n","protected":false},"author":1,"featured_media":20962,"comment_status":"closed","ping_status":"closed","sticky":false,"template":"","format":"standard","meta":[],"categories":[5,3,16,10,12,14],"tags":[],"_links":{"self":[{"href":"https:\/\/www.revistarescatados.com.ar\/web\/wp-json\/wp\/v2\/posts\/20961"}],"collection":[{"href":"https:\/\/www.revistarescatados.com.ar\/web\/wp-json\/wp\/v2\/posts"}],"about":[{"href":"https:\/\/www.revistarescatados.com.ar\/web\/wp-json\/wp\/v2\/types\/post"}],"author":[{"embeddable":true,"href":"https:\/\/www.revistarescatados.com.ar\/web\/wp-json\/wp\/v2\/users\/1"}],"replies":[{"embeddable":true,"href":"https:\/\/www.revistarescatados.com.ar\/web\/wp-json\/wp\/v2\/comments?post=20961"}],"version-history":[{"count":1,"href":"https:\/\/www.revistarescatados.com.ar\/web\/wp-json\/wp\/v2\/posts\/20961\/revisions"}],"predecessor-version":[{"id":20963,"href":"https:\/\/www.revistarescatados.com.ar\/web\/wp-json\/wp\/v2\/posts\/20961\/revisions\/20963"}],"wp:featuredmedia":[{"embeddable":true,"href":"https:\/\/www.revistarescatados.com.ar\/web\/wp-json\/wp\/v2\/media\/20962"}],"wp:attachment":[{"href":"https:\/\/www.revistarescatados.com.ar\/web\/wp-json\/wp\/v2\/media?parent=20961"}],"wp:term":[{"taxonomy":"category","embeddable":true,"href":"https:\/\/www.revistarescatados.com.ar\/web\/wp-json\/wp\/v2\/categories?post=20961"},{"taxonomy":"post_tag","embeddable":true,"href":"https:\/\/www.revistarescatados.com.ar\/web\/wp-json\/wp\/v2\/tags?post=20961"}],"curies":[{"name":"wp","href":"https:\/\/api.w.org\/{rel}","templated":true}]}}