{"id":21111,"date":"2024-01-06T02:36:24","date_gmt":"2024-01-06T05:36:24","guid":{"rendered":"https:\/\/www.revistarescatados.com.ar\/web\/?p=21111"},"modified":"2024-01-06T02:36:24","modified_gmt":"2024-01-06T05:36:24","slug":"se-vienen-los-50-anos-de-la-finalisima-del-chamame-en-gobernador-crespo","status":"publish","type":"post","link":"https:\/\/www.revistarescatados.com.ar\/web\/2024\/01\/06\/se-vienen-los-50-anos-de-la-finalisima-del-chamame-en-gobernador-crespo\/","title":{"rendered":"Se vienen los 50 a\u00f1os de la Final\u00edsima del Chamam\u00e9 en Gobernador Crespo"},"content":{"rendered":"<p>&nbsp;<\/p>\n<p><span style=\"color: #0000ff;\"><strong>Como cada a\u00f1o, la celebraci\u00f3n de las bodas de oro del festival tendr\u00e1 lugar este 20 de enero en el Club Belgrano. La cartelera de artistas\u00a0 tendr\u00e1 a Monchito Merlo y el cierre de Grupo Alegr\u00eda de Santa Fe.<\/strong><\/span><\/p>\n<p><img loading=\"lazy\" class=\"aligncenter size-full wp-image-21112\" src=\"http:\/\/www.revistarescatados.com.ar\/web\/wp-content\/uploads\/2024\/01\/chamame.jpg\" alt=\"\" width=\"857\" height=\"675\" srcset=\"https:\/\/www.revistarescatados.com.ar\/web\/wp-content\/uploads\/2024\/01\/chamame.jpg 857w, https:\/\/www.revistarescatados.com.ar\/web\/wp-content\/uploads\/2024\/01\/chamame-300x236.jpg 300w, https:\/\/www.revistarescatados.com.ar\/web\/wp-content\/uploads\/2024\/01\/chamame-768x605.jpg 768w\" sizes=\"(max-width: 857px) 100vw, 857px\" \/><\/p>\n<p>El evento es organizado por la Asociaci\u00f3n de Bomberos Voluntarios junto a los Clubes de Uni\u00f3n y Belgrano, con el auspicio de la Comuna de Gobernador Crespo.<\/p>\n<p>La cartelera de artistas para esta edici\u00f3n especial de la fiesta tendr\u00e1 a Monchito Merlo, Vikingo Correa, Ver\u00f3nica Boxler y su conjunto Calandria Costera, Los maestritos, Los hijos de los Barrios y bandas de la zona. El cierre tropical estar\u00e1 a cargo de\u00a0 Grupo Alegr\u00eda de Santa Fe.<\/p>\n","protected":false},"excerpt":{"rendered":"<p>&nbsp; Como cada a\u00f1o, la celebraci\u00f3n de las bodas de oro del festival tendr\u00e1 lugar este 20 de enero en el Club Belgrano. La cartelera de artistas\u00a0 tendr\u00e1 a Monchito Merlo y&#46;&#46;&#46;<\/p>\n","protected":false},"author":1,"featured_media":21112,"comment_status":"closed","ping_status":"closed","sticky":false,"template":"","format":"standard","meta":[],"categories":[7,4,16,8],"tags":[],"_links":{"self":[{"href":"https:\/\/www.revistarescatados.com.ar\/web\/wp-json\/wp\/v2\/posts\/21111"}],"collection":[{"href":"https:\/\/www.revistarescatados.com.ar\/web\/wp-json\/wp\/v2\/posts"}],"about":[{"href":"https:\/\/www.revistarescatados.com.ar\/web\/wp-json\/wp\/v2\/types\/post"}],"author":[{"embeddable":true,"href":"https:\/\/www.revistarescatados.com.ar\/web\/wp-json\/wp\/v2\/users\/1"}],"replies":[{"embeddable":true,"href":"https:\/\/www.revistarescatados.com.ar\/web\/wp-json\/wp\/v2\/comments?post=21111"}],"version-history":[{"count":1,"href":"https:\/\/www.revistarescatados.com.ar\/web\/wp-json\/wp\/v2\/posts\/21111\/revisions"}],"predecessor-version":[{"id":21113,"href":"https:\/\/www.revistarescatados.com.ar\/web\/wp-json\/wp\/v2\/posts\/21111\/revisions\/21113"}],"wp:featuredmedia":[{"embeddable":true,"href":"https:\/\/www.revistarescatados.com.ar\/web\/wp-json\/wp\/v2\/media\/21112"}],"wp:attachment":[{"href":"https:\/\/www.revistarescatados.com.ar\/web\/wp-json\/wp\/v2\/media?parent=21111"}],"wp:term":[{"taxonomy":"category","embeddable":true,"href":"https:\/\/www.revistarescatados.com.ar\/web\/wp-json\/wp\/v2\/categories?post=21111"},{"taxonomy":"post_tag","embeddable":true,"href":"https:\/\/www.revistarescatados.com.ar\/web\/wp-json\/wp\/v2\/tags?post=21111"}],"curies":[{"name":"wp","href":"https:\/\/api.w.org\/{rel}","templated":true}]}}