{"id":213,"date":"2018-04-24T02:11:44","date_gmt":"2018-04-24T05:11:44","guid":{"rendered":"http:\/\/www.revistarescatados.com.ar\/web\/?p=213"},"modified":"2018-04-24T02:12:15","modified_gmt":"2018-04-24T05:12:15","slug":"preparan-la-tercera-travesia-en-kayak-de-romang-a-alejandra","status":"publish","type":"post","link":"https:\/\/www.revistarescatados.com.ar\/web\/2018\/04\/24\/preparan-la-tercera-travesia-en-kayak-de-romang-a-alejandra\/","title":{"rendered":"Preparan la tercera traves\u00eda en kayak de Romang a Alejandra"},"content":{"rendered":"<p>&nbsp;<\/p>\n<p><span style=\"color: #0000ff;\"><strong>Se realizar\u00e1 el pr\u00f3ximo 25 y 26 de mayo. La C\u00e1mara de Diputados la declar\u00f3 de Inter\u00e9s Provincial, a instancias de la diputada Estela Maris Yaccuzzi.<\/strong><\/span><\/p>\n<p>Dentro de los grandes proyectos para enriquecer la cultura y el turismo en Alejandra, se encuentra la Traves\u00eda Kayak. Esta nueva edici\u00f3n del evento que re\u00fane a palistas de toda la regi\u00f3n y amantes de este deporte acu\u00e1tico, es organizada por Ignacio Costanzo, kayakista que dio sus primeros pasos en la Ciudad de Reconquista.<\/p>\n<p>La tercera traves\u00eda en kayak Romang-Alejandra ya fue declarada de inter\u00e9s por la C\u00e1mara de Diputados de la Provincia de Santa Fe por gesti\u00f3n de MOVIMIENTO JOVEN y la diputada Estela Maris Yaccuzzi<\/p>\n<p>Se realizar\u00e1 el 25 y 26 de mayo entre las localidades de Romang y Alejandra, reuniendo a palistas de toda la regi\u00f3n y provincias vecinas.<\/p>\n<p><img loading=\"lazy\" class=\"aligncenter size-full wp-image-215\" src=\"http:\/\/www.revistarescatados.com.ar\/web\/wp-content\/uploads\/2018\/04\/Travesia-en-Kayak-Alejandra-1.jpg\" alt=\"\" width=\"960\" height=\"832\" srcset=\"https:\/\/www.revistarescatados.com.ar\/web\/wp-content\/uploads\/2018\/04\/Travesia-en-Kayak-Alejandra-1.jpg 960w, https:\/\/www.revistarescatados.com.ar\/web\/wp-content\/uploads\/2018\/04\/Travesia-en-Kayak-Alejandra-1-300x260.jpg 300w, https:\/\/www.revistarescatados.com.ar\/web\/wp-content\/uploads\/2018\/04\/Travesia-en-Kayak-Alejandra-1-768x666.jpg 768w\" sizes=\"(max-width: 960px) 100vw, 960px\" \/> <img loading=\"lazy\" class=\"aligncenter size-full wp-image-214\" src=\"http:\/\/www.revistarescatados.com.ar\/web\/wp-content\/uploads\/2018\/04\/Travesia-en-Kayak-Alejandra.jpg\" alt=\"\" width=\"960\" height=\"720\" srcset=\"https:\/\/www.revistarescatados.com.ar\/web\/wp-content\/uploads\/2018\/04\/Travesia-en-Kayak-Alejandra.jpg 960w, https:\/\/www.revistarescatados.com.ar\/web\/wp-content\/uploads\/2018\/04\/Travesia-en-Kayak-Alejandra-300x225.jpg 300w, https:\/\/www.revistarescatados.com.ar\/web\/wp-content\/uploads\/2018\/04\/Travesia-en-Kayak-Alejandra-768x576.jpg 768w\" sizes=\"(max-width: 960px) 100vw, 960px\" \/><\/p>\n","protected":false},"excerpt":{"rendered":"<p>&nbsp; Se realizar\u00e1 el pr\u00f3ximo 25 y 26 de mayo. La C\u00e1mara de Diputados la declar\u00f3 de Inter\u00e9s Provincial, a instancias de la diputada Estela Maris Yaccuzzi. Dentro de los grandes proyectos&#46;&#46;&#46;<\/p>\n","protected":false},"author":1,"featured_media":215,"comment_status":"open","ping_status":"open","sticky":false,"template":"","format":"standard","meta":[],"categories":[5,17,16,14,8],"tags":[],"_links":{"self":[{"href":"https:\/\/www.revistarescatados.com.ar\/web\/wp-json\/wp\/v2\/posts\/213"}],"collection":[{"href":"https:\/\/www.revistarescatados.com.ar\/web\/wp-json\/wp\/v2\/posts"}],"about":[{"href":"https:\/\/www.revistarescatados.com.ar\/web\/wp-json\/wp\/v2\/types\/post"}],"author":[{"embeddable":true,"href":"https:\/\/www.revistarescatados.com.ar\/web\/wp-json\/wp\/v2\/users\/1"}],"replies":[{"embeddable":true,"href":"https:\/\/www.revistarescatados.com.ar\/web\/wp-json\/wp\/v2\/comments?post=213"}],"version-history":[{"count":2,"href":"https:\/\/www.revistarescatados.com.ar\/web\/wp-json\/wp\/v2\/posts\/213\/revisions"}],"predecessor-version":[{"id":217,"href":"https:\/\/www.revistarescatados.com.ar\/web\/wp-json\/wp\/v2\/posts\/213\/revisions\/217"}],"wp:featuredmedia":[{"embeddable":true,"href":"https:\/\/www.revistarescatados.com.ar\/web\/wp-json\/wp\/v2\/media\/215"}],"wp:attachment":[{"href":"https:\/\/www.revistarescatados.com.ar\/web\/wp-json\/wp\/v2\/media?parent=213"}],"wp:term":[{"taxonomy":"category","embeddable":true,"href":"https:\/\/www.revistarescatados.com.ar\/web\/wp-json\/wp\/v2\/categories?post=213"},{"taxonomy":"post_tag","embeddable":true,"href":"https:\/\/www.revistarescatados.com.ar\/web\/wp-json\/wp\/v2\/tags?post=213"}],"curies":[{"name":"wp","href":"https:\/\/api.w.org\/{rel}","templated":true}]}}