{"id":21300,"date":"2024-02-15T22:41:48","date_gmt":"2024-02-16T01:41:48","guid":{"rendered":"https:\/\/www.revistarescatados.com.ar\/web\/?p=21300"},"modified":"2024-02-15T22:41:48","modified_gmt":"2024-02-16T01:41:48","slug":"pullaro-si-nos-dieran-lo-que-aportamos-nos-hacemos-cargo-completamente-del-transporte","status":"publish","type":"post","link":"https:\/\/www.revistarescatados.com.ar\/web\/2024\/02\/15\/pullaro-si-nos-dieran-lo-que-aportamos-nos-hacemos-cargo-completamente-del-transporte\/","title":{"rendered":"Pullaro: \u201cSi nos dieran lo que aportamos, nos hacemos cargo completamente del transporte\u201d"},"content":{"rendered":"<p>&nbsp;<\/p>\n<p><span style=\"color: #0000ff;\"><strong>Luego del acto de relanzamiento de la Agencia Santa Fe Global, el Gobernador se refiri\u00f3 a la eliminaci\u00f3n del Fondo Compensador al Transporte P\u00fablico del Interior por parte del gobierno Nacional. \u201cNo estamos mendigando, la provincia de Santa Fe aporta casi 3 veces lo que vuelve en subsidios del transporte\u201d, detall\u00f3.<\/strong><\/span><\/p>\n<p>&nbsp;<\/p>\n<div style=\"width: 640px;\" class=\"wp-video\"><!--[if lt IE 9]><script>document.createElement('video');<\/script><![endif]-->\n<video class=\"wp-video-shortcode\" id=\"video-21300-1\" width=\"640\" height=\"360\" preload=\"metadata\" controls=\"controls\"><source type=\"video\/mp4\" src=\"https:\/\/www.santafe.gob.ar\/noticias\/recursos\/videosHD\/2024\/02\/2024-02-15NID_279736O_1.mp4?_=1\" \/><a href=\"https:\/\/www.santafe.gob.ar\/noticias\/recursos\/videosHD\/2024\/02\/2024-02-15NID_279736O_1.mp4\">https:\/\/www.santafe.gob.ar\/noticias\/recursos\/videosHD\/2024\/02\/2024-02-15NID_279736O_1.mp4<\/a><\/video><\/div>\n<p>El gobernador Maximiliano Pullaro se refiri\u00f3 esta ma\u00f1ana a la eliminaci\u00f3n del Fondo Compensador al Transporte P\u00fablico del Interior por parte del Gobierno nacional y precis\u00f3 que \u201csi nos dieran todo lo que los santafesinos aportamos por impuesto a los combustibles, nos har\u00edamos cargo completamente del transporte en la provincia\u201d.<\/p>\n<p>El gobernador resalt\u00f3 que \u201cla provincia aporta 3.900 millones de pesos por mes\u201d en concepto de impuesto a los combustibles, de los cuales \u201csolamente volv\u00edan 1.500 millones: el resto quedaba en el AMBA\u201d. Fue all\u00ed cuando Maximiliano Pullaro remarc\u00f3 que \u201csi nos dieran lo que aportamos, o se eliminara ese impuesto y lo pudi\u00e9ramos poner nosotros en el sistema, el transporte en la provincia de Santa Fe saldr\u00eda 0 pesos\u201d, ejemplific\u00f3, pero sentenci\u00f3 que \u201cno funciona as\u00ed un sistema, en el que vos te qued\u00e1s con todo y repart\u00eds nada. No estamos mendigando, la provincia de Santa Fe aporta casi 3 veces lo que vuelve en subsidios del transporte\u201d.<\/p>\n<p>Para el gobernador \u201ces necesario poner este tema arriba de la mesa, porque nosotros no podemos aumentar los valores a los que se ir\u00eda el transporte; pero para eso tenemos que tener colaboraci\u00f3n con Naci\u00f3n o que nos den el impuesto que est\u00e1n cobrando con el aporte que hace Santa Fe. Con eso nos hacemos cargo completamente del transporte en la provincia\u201d, reiter\u00f3 el mandatario santafesino.<\/p>\n<p>Por \u00faltimo, Pullaro reiter\u00f3 que \u201cnunca tenemos que dejar de dialogar. Todas las posiciones que tuvo la provincia de Santa Fe fueron fundadas, con n\u00fameros en la mano, y en defensa de nuestra santafesinidad, de nuestro sector productivo, porque entendemos que un ajuste no lo pueden pagar ni la industria, ni el campo, porque eso golpear\u00eda directamente al empleo\u201d.<\/p>\n<p>&nbsp;<\/p>\n","protected":false},"excerpt":{"rendered":"<p>&nbsp; Luego del acto de relanzamiento de la Agencia Santa Fe Global, el Gobernador se refiri\u00f3 a la eliminaci\u00f3n del Fondo Compensador al Transporte P\u00fablico del Interior por parte del gobierno Nacional.&#46;&#46;&#46;<\/p>\n","protected":false},"author":1,"featured_media":20972,"comment_status":"closed","ping_status":"closed","sticky":false,"template":"","format":"standard","meta":[],"categories":[16,10,12,8],"tags":[],"_links":{"self":[{"href":"https:\/\/www.revistarescatados.com.ar\/web\/wp-json\/wp\/v2\/posts\/21300"}],"collection":[{"href":"https:\/\/www.revistarescatados.com.ar\/web\/wp-json\/wp\/v2\/posts"}],"about":[{"href":"https:\/\/www.revistarescatados.com.ar\/web\/wp-json\/wp\/v2\/types\/post"}],"author":[{"embeddable":true,"href":"https:\/\/www.revistarescatados.com.ar\/web\/wp-json\/wp\/v2\/users\/1"}],"replies":[{"embeddable":true,"href":"https:\/\/www.revistarescatados.com.ar\/web\/wp-json\/wp\/v2\/comments?post=21300"}],"version-history":[{"count":1,"href":"https:\/\/www.revistarescatados.com.ar\/web\/wp-json\/wp\/v2\/posts\/21300\/revisions"}],"predecessor-version":[{"id":21301,"href":"https:\/\/www.revistarescatados.com.ar\/web\/wp-json\/wp\/v2\/posts\/21300\/revisions\/21301"}],"wp:featuredmedia":[{"embeddable":true,"href":"https:\/\/www.revistarescatados.com.ar\/web\/wp-json\/wp\/v2\/media\/20972"}],"wp:attachment":[{"href":"https:\/\/www.revistarescatados.com.ar\/web\/wp-json\/wp\/v2\/media?parent=21300"}],"wp:term":[{"taxonomy":"category","embeddable":true,"href":"https:\/\/www.revistarescatados.com.ar\/web\/wp-json\/wp\/v2\/categories?post=21300"},{"taxonomy":"post_tag","embeddable":true,"href":"https:\/\/www.revistarescatados.com.ar\/web\/wp-json\/wp\/v2\/tags?post=21300"}],"curies":[{"name":"wp","href":"https:\/\/api.w.org\/{rel}","templated":true}]}}