{"id":21333,"date":"2024-02-23T21:59:39","date_gmt":"2024-02-24T00:59:39","guid":{"rendered":"https:\/\/www.revistarescatados.com.ar\/web\/?p=21333"},"modified":"2024-02-23T21:59:39","modified_gmt":"2024-02-24T00:59:39","slug":"bomberos-voluntarios-colaboraron-en-la-parquizacion-de-una-escuelita-rural-de-calchaqui","status":"publish","type":"post","link":"https:\/\/www.revistarescatados.com.ar\/web\/2024\/02\/23\/bomberos-voluntarios-colaboraron-en-la-parquizacion-de-una-escuelita-rural-de-calchaqui\/","title":{"rendered":"Bomberos Voluntarios colaboraron en la parquizaci\u00f3n de una escuelita rural de Calchaqu\u00ed"},"content":{"rendered":"<p>&nbsp;<\/p>\n<p><span style=\"color: #0000ff;\"><strong>Como parte de su servicio de extensi\u00f3n comunitaria, un grupo de pre-aspirantes liderados por la jefa del cuerpo activo Carina Simbr\u00f3n brind\u00f3 su colaboraci\u00f3n a la Escuela N\u00b0 6428 \u201cCecilia Grierson\u201d de Estancia Las Aves.<\/strong><\/span><\/p>\n<p><img loading=\"lazy\" class=\"aligncenter size-large wp-image-21334\" src=\"http:\/\/www.revistarescatados.com.ar\/web\/wp-content\/uploads\/2024\/02\/Bomberos-colaboran-con-escuela-1024x768.jpg\" alt=\"\" width=\"1024\" height=\"768\" srcset=\"https:\/\/www.revistarescatados.com.ar\/web\/wp-content\/uploads\/2024\/02\/Bomberos-colaboran-con-escuela-1024x768.jpg 1024w, https:\/\/www.revistarescatados.com.ar\/web\/wp-content\/uploads\/2024\/02\/Bomberos-colaboran-con-escuela-300x225.jpg 300w, https:\/\/www.revistarescatados.com.ar\/web\/wp-content\/uploads\/2024\/02\/Bomberos-colaboran-con-escuela-768x576.jpg 768w, https:\/\/www.revistarescatados.com.ar\/web\/wp-content\/uploads\/2024\/02\/Bomberos-colaboran-con-escuela-1536x1152.jpg 1536w, https:\/\/www.revistarescatados.com.ar\/web\/wp-content\/uploads\/2024\/02\/Bomberos-colaboran-con-escuela.jpg 1600w\" sizes=\"(max-width: 1024px) 100vw, 1024px\" \/><\/p>\n<p>La jornada se llev\u00f3 a cabo el pasado mi\u00e9rcoles 21 de febrero, ante el pedido de la directora Andrea Delgado. Los j\u00f3venes preaspirantes a bomberos voluntarios Hugo Escobar, Fabian Medina, Fabricio Visconti, Oriana L\u00f3pez y Avril G\u00f3mez \u2013 acompa\u00f1ados por la jefa del cuerpo activo Carina Simbr\u00f3n \u2013 llevaron a cabo las tareas de parquizaci\u00f3n, limpieza y corte de pasto del extenso patio que posee la Escuela N\u00b0 6428 \u201cCecilia Grierson\u201d, ubicada a unos 15 km del ejido urbano en la conocida Estancia Las Aves.<\/p>\n<p>Desde el mes de noviembre un grupo de 10 preaspirantes cumple tareas en el cuartel prepar\u00e1ndose para la instrucci\u00f3n e la escuela de bomberos que comenzar\u00e1n en este mes de marzo.<\/p>\n<p>Adem\u00e1s se valora el apoyo de la actual comisi\u00f3n directiva, que tras el fallecimiento de don Daniel Avallone, quedo a cargo del vicepresidente Jos\u00e9 Luis Dar\u00edo.<\/p>\n<p>La directora Andrea Delgado agradeci\u00f3 la enorme colaboraci\u00f3n bomberil. \u201cGracias ,gracias, gracias, por haber ido y llegar cada uno con una enorme sonrisa, con much\u00edsimas ganas de trabajar, de ayudar a poner la escuela en condiciones para que los ni\u00f1os puedan comenzar un nuevo a\u00f1o escolar\u201d, indic\u00f3 la docente, que fue acompa\u00f1ada por la portera Mercedes Piedrabuena.<\/p>\n","protected":false},"excerpt":{"rendered":"<p>&nbsp; Como parte de su servicio de extensi\u00f3n comunitaria, un grupo de pre-aspirantes liderados por la jefa del cuerpo activo Carina Simbr\u00f3n brind\u00f3 su colaboraci\u00f3n a la Escuela N\u00b0 6428 \u201cCecilia Grierson\u201d&#46;&#46;&#46;<\/p>\n","protected":false},"author":1,"featured_media":21334,"comment_status":"closed","ping_status":"closed","sticky":false,"template":"","format":"standard","meta":[],"categories":[2,3,16,15,10],"tags":[],"_links":{"self":[{"href":"https:\/\/www.revistarescatados.com.ar\/web\/wp-json\/wp\/v2\/posts\/21333"}],"collection":[{"href":"https:\/\/www.revistarescatados.com.ar\/web\/wp-json\/wp\/v2\/posts"}],"about":[{"href":"https:\/\/www.revistarescatados.com.ar\/web\/wp-json\/wp\/v2\/types\/post"}],"author":[{"embeddable":true,"href":"https:\/\/www.revistarescatados.com.ar\/web\/wp-json\/wp\/v2\/users\/1"}],"replies":[{"embeddable":true,"href":"https:\/\/www.revistarescatados.com.ar\/web\/wp-json\/wp\/v2\/comments?post=21333"}],"version-history":[{"count":1,"href":"https:\/\/www.revistarescatados.com.ar\/web\/wp-json\/wp\/v2\/posts\/21333\/revisions"}],"predecessor-version":[{"id":21335,"href":"https:\/\/www.revistarescatados.com.ar\/web\/wp-json\/wp\/v2\/posts\/21333\/revisions\/21335"}],"wp:featuredmedia":[{"embeddable":true,"href":"https:\/\/www.revistarescatados.com.ar\/web\/wp-json\/wp\/v2\/media\/21334"}],"wp:attachment":[{"href":"https:\/\/www.revistarescatados.com.ar\/web\/wp-json\/wp\/v2\/media?parent=21333"}],"wp:term":[{"taxonomy":"category","embeddable":true,"href":"https:\/\/www.revistarescatados.com.ar\/web\/wp-json\/wp\/v2\/categories?post=21333"},{"taxonomy":"post_tag","embeddable":true,"href":"https:\/\/www.revistarescatados.com.ar\/web\/wp-json\/wp\/v2\/tags?post=21333"}],"curies":[{"name":"wp","href":"https:\/\/api.w.org\/{rel}","templated":true}]}}