{"id":21340,"date":"2024-02-26T20:44:56","date_gmt":"2024-02-26T23:44:56","guid":{"rendered":"https:\/\/www.revistarescatados.com.ar\/web\/?p=21340"},"modified":"2024-02-26T20:44:56","modified_gmt":"2024-02-26T23:44:56","slug":"chiqui-rojas-y-capello-reconocieron-a-los-brigadistas-de-vera-que-combatieron-los-incendios-forestales-en-el-sur-del-pais","status":"publish","type":"post","link":"https:\/\/www.revistarescatados.com.ar\/web\/2024\/02\/26\/chiqui-rojas-y-capello-reconocieron-a-los-brigadistas-de-vera-que-combatieron-los-incendios-forestales-en-el-sur-del-pais\/","title":{"rendered":"Chiqui Rojas y Capello reconocieron a los brigadistas de Vera que combatieron los incendios forestales en el sur del pa\u00eds"},"content":{"rendered":"<p><span style=\"color: #0000ff;\"><strong>En la ma\u00f1ana del lunes, el diputado provincial Chiqui Rojas y la concejala Ana Paula Capello, recibieron a los cinco brigadistas de Vera que recientemente retornaron de Esquel, provincia de Chubut, d\u00f3nde estuvieron combatiendo los incendios forestales en el Parque Nacional Los Alerces.<\/strong><\/span><\/p>\n<p><img loading=\"lazy\" class=\"aligncenter size-large wp-image-21341\" src=\"http:\/\/www.revistarescatados.com.ar\/web\/wp-content\/uploads\/2024\/02\/Rojas-y-brigadistas-1024x602.jpg\" alt=\"\" width=\"1024\" height=\"602\" srcset=\"https:\/\/www.revistarescatados.com.ar\/web\/wp-content\/uploads\/2024\/02\/Rojas-y-brigadistas-1024x602.jpg 1024w, https:\/\/www.revistarescatados.com.ar\/web\/wp-content\/uploads\/2024\/02\/Rojas-y-brigadistas-300x176.jpg 300w, https:\/\/www.revistarescatados.com.ar\/web\/wp-content\/uploads\/2024\/02\/Rojas-y-brigadistas-768x452.jpg 768w, https:\/\/www.revistarescatados.com.ar\/web\/wp-content\/uploads\/2024\/02\/Rojas-y-brigadistas.jpg 1156w\" sizes=\"(max-width: 1024px) 100vw, 1024px\" \/><br \/>\nLos zapadores de Vera Diego Cuatr\u00edn, Emilio Bastias, Mario Dubin, Mauro Mathey y Lorenzo Burgos Azerrad formaron parte de la Brigada Forestal de Santa Fe, un equipo de 45 personas, que se sumaron a las m\u00e1s de 300 que estuvieron trabajando en la zona.<\/p>\n<p>Rojas expres\u00f3 que \u201ces un orgullo para todos los verenses el trabajo que han realizado. Para ser bombero hay que tener verdadera vocaci\u00f3n, y han demostrado su compromiso yendo a una zona muy hostil, que no tiene nada que ver con nuestra regi\u00f3n.\u201d<\/p>\n<p>Al respecto, los cinco protagonistas coincidieron en que \u201cfue una experiencia muy linda, nunca trabajamos con esa geograf\u00eda. A pesar de que somos los que m\u00e1s incendios forestales tenemos en el norte, estamos acostumbrados a trabajar en la llanura, esto fue algo totalmente distinto. Fue un desaf\u00edo nuevo, tuvimos que trabajar de formas diferentes, con personas que no conoc\u00edamos, realmente aprendimos mucho.\u201d<\/p>\n<p>Al mismo tiempo, se mostraron visiblemente emocionadas, ya que \u201cno esper\u00e1bamos ning\u00fan reconocimiento, estamos muy agradecidos por los que siempre preguntaron por nosotros, y especialmente a nuestra familia, sin ellos no podr\u00edamos hacer nada de esto.\u201d<\/p>\n<p>El diputado manifest\u00f3 que muchas veces \u201cno se tiene en cuenta la dimensi\u00f3n humana de lo que representa y significa ser bombero, es renunciar a muchas cosas, sobre todo a estar alejado de la familia, y poner en riesgo la salud y la integridad f\u00edsica. Por otro lado, me parece importante apelar a nuestra responsabilidad en el cuidado del ambiente. Los incendios forestales son cada vez son m\u00e1s frecuentes y m\u00e1s devastadores, un poco por no respetar las leyes sobre fuego en los bosques nativos, y otro tanto por los efectos del cambio clim\u00e1tico que est\u00e1n creando condiciones m\u00e1s propicias para que sucedan este tipo de cat\u00e1strofes. Es un tema que debe ser prioritario en la agenda de los gobiernos, en todos los niveles.\u201d<\/p>\n<p>Por \u00faltimo, Rojas confirm\u00f3 que ser\u00e1n reconocidos formalmente por la C\u00e1mara de Diputados, mientras que Capello afirm\u00f3 que, una vez iniciado el per\u00edodo de sesiones ordinarias, se har\u00e1 un reconocimiento de parte del Concejo Municipal de Vera por su trabajo, su valent\u00eda, y por haber representado a la ciudad en tan importante tarea.<\/p>\n<p>&nbsp;<\/p>\n","protected":false},"excerpt":{"rendered":"<p>En la ma\u00f1ana del lunes, el diputado provincial Chiqui Rojas y la concejala Ana Paula Capello, recibieron a los cinco brigadistas de Vera que recientemente retornaron de Esquel, provincia de Chubut, d\u00f3nde&#46;&#46;&#46;<\/p>\n","protected":false},"author":1,"featured_media":21341,"comment_status":"closed","ping_status":"closed","sticky":false,"template":"","format":"standard","meta":[],"categories":[3,16,10,8],"tags":[],"_links":{"self":[{"href":"https:\/\/www.revistarescatados.com.ar\/web\/wp-json\/wp\/v2\/posts\/21340"}],"collection":[{"href":"https:\/\/www.revistarescatados.com.ar\/web\/wp-json\/wp\/v2\/posts"}],"about":[{"href":"https:\/\/www.revistarescatados.com.ar\/web\/wp-json\/wp\/v2\/types\/post"}],"author":[{"embeddable":true,"href":"https:\/\/www.revistarescatados.com.ar\/web\/wp-json\/wp\/v2\/users\/1"}],"replies":[{"embeddable":true,"href":"https:\/\/www.revistarescatados.com.ar\/web\/wp-json\/wp\/v2\/comments?post=21340"}],"version-history":[{"count":1,"href":"https:\/\/www.revistarescatados.com.ar\/web\/wp-json\/wp\/v2\/posts\/21340\/revisions"}],"predecessor-version":[{"id":21342,"href":"https:\/\/www.revistarescatados.com.ar\/web\/wp-json\/wp\/v2\/posts\/21340\/revisions\/21342"}],"wp:featuredmedia":[{"embeddable":true,"href":"https:\/\/www.revistarescatados.com.ar\/web\/wp-json\/wp\/v2\/media\/21341"}],"wp:attachment":[{"href":"https:\/\/www.revistarescatados.com.ar\/web\/wp-json\/wp\/v2\/media?parent=21340"}],"wp:term":[{"taxonomy":"category","embeddable":true,"href":"https:\/\/www.revistarescatados.com.ar\/web\/wp-json\/wp\/v2\/categories?post=21340"},{"taxonomy":"post_tag","embeddable":true,"href":"https:\/\/www.revistarescatados.com.ar\/web\/wp-json\/wp\/v2\/tags?post=21340"}],"curies":[{"name":"wp","href":"https:\/\/api.w.org\/{rel}","templated":true}]}}